{"id":1026,"date":"2021-07-31T00:00:46","date_gmt":"2021-07-30T23:00:46","guid":{"rendered":"http:\/\/soldatenschicksale.de\/?p=1026"},"modified":"2021-07-15T19:03:39","modified_gmt":"2021-07-15T18:03:39","slug":"soldatenschicksale-des-2-weltkrieges-teil-125-xaver-goell","status":"publish","type":"post","link":"http:\/\/soldatenschicksale.de\/?p=1026","title":{"rendered":"Soldatenschicksale des 2. Weltkrieges Teil 125: Xaver G\u00f6ll"},"content":{"rendered":"<p>Der Soldat Xaver G\u00f6ll wurde am 03.05.1923 in <a href=\"https:\/\/de.wikipedia.org\/wiki\/Niederp%C3%B6ring\" target=\"_blank\" rel=\"noopener\">Niederp\u00f6ring<\/a>, einem Ortsteil der bayerischen Gemeinde <a href=\"https:\/\/de.wikipedia.org\/wiki\/Oberp%C3%B6ring\" target=\"_blank\" rel=\"noopener\">Oberp\u00f6ring<\/a> als Sohn eines Landwirts geboren. Im Zweiten Weltkrieg diente er als Gefreiter in einem Grenadier-Regiment der Wehrmacht. Er wurde mit dem Infanterie-Sturmabzeichen und mit dem Verwundetenabzeichen ausgezeichnet. Am 10.01.1944 (Volksbund: am 11.01.1944) verstarb er im Alter von 20 Jahren im motorisierten Feldlazarett 770 bei <a href=\"https:\/\/de.wikipedia.org\/wiki\/Schpola\" target=\"_blank\" rel=\"noopener\">Schpola<\/a> auf dem Transport in der heutigen Ukraine.<\/p>\n<p>Man begrub Xaver G\u00f6ll auf einem Feldfriedhof bei <a href=\"https:\/\/de.wikipedia.org\/wiki\/Schpola\" target=\"_blank\" rel=\"noopener\">Schpola<\/a> in der heutigen Ukraine.<\/p>\n<figure id=\"attachment_970\" aria-describedby=\"caption-attachment-970\" style=\"width: 531px\" class=\"wp-caption aligncenter\"><img loading=\"lazy\" decoding=\"async\" class=\"size-full wp-image-970\" src=\"http:\/\/soldatenschicksale.de\/wp-content\/uploads\/2021\/06\/Xaver-Groell-vorne.jpg\" alt=\"\" width=\"531\" height=\"800\" srcset=\"http:\/\/soldatenschicksale.de\/wp-content\/uploads\/2021\/06\/Xaver-Groell-vorne.jpg 531w, http:\/\/soldatenschicksale.de\/wp-content\/uploads\/2021\/06\/Xaver-Groell-vorne-199x300.jpg 199w\" sizes=\"auto, (max-width: 531px) 85vw, 531px\" \/><figcaption id=\"caption-attachment-970\" class=\"wp-caption-text\">Sterbebild von Xaver Gr\u00f6ll<\/figcaption><\/figure>\n<figure id=\"attachment_969\" aria-describedby=\"caption-attachment-969\" style=\"width: 531px\" class=\"wp-caption aligncenter\"><img loading=\"lazy\" decoding=\"async\" class=\"size-full wp-image-969\" src=\"http:\/\/soldatenschicksale.de\/wp-content\/uploads\/2021\/06\/Xaver-Groell-hinten.jpg\" alt=\"\" width=\"531\" height=\"800\" srcset=\"http:\/\/soldatenschicksale.de\/wp-content\/uploads\/2021\/06\/Xaver-Groell-hinten.jpg 531w, http:\/\/soldatenschicksale.de\/wp-content\/uploads\/2021\/06\/Xaver-Groell-hinten-199x300.jpg 199w\" sizes=\"auto, (max-width: 531px) 85vw, 531px\" \/><figcaption id=\"caption-attachment-969\" class=\"wp-caption-text\">R\u00fcckseite des Sterbebildes von Xaver Gr\u00f6ll<\/figcaption><\/figure>\n","protected":false},"excerpt":{"rendered":"<p>Der Soldat Xaver G\u00f6ll wurde am 03.05.1923 in Niederp\u00f6ring, einem Ortsteil der bayerischen Gemeinde Oberp\u00f6ring als Sohn eines Landwirts geboren. Im Zweiten Weltkrieg diente er als Gefreiter in einem Grenadier-Regiment der Wehrmacht. Er wurde mit dem Infanterie-Sturmabzeichen und mit dem Verwundetenabzeichen ausgezeichnet. Am 10.01.1944 (Volksbund: am 11.01.1944) verstarb er im Alter von 20 Jahren im &hellip; <a href=\"http:\/\/soldatenschicksale.de\/?p=1026\" class=\"more-link\"><span class=\"screen-reader-text\">\u201eSoldatenschicksale des 2. Weltkrieges Teil 125: Xaver G\u00f6ll\u201c <\/span>weiterlesen<\/a><\/p>\n","protected":false},"author":2,"featured_media":0,"comment_status":"closed","ping_status":"open","sticky":false,"template":"","format":"standard","meta":{"footnotes":"","_wp_rev_ctl_limit":""},"categories":[4,15],"tags":[267,21,11,190,58,621,622,623,71,14],"class_list":["post-1026","post","type-post","status-publish","format-standard","hentry","category-ostfront","category-ukraine","tag-bauerssohn","tag-bayern","tag-gefreiter","tag-grenadier-regiment","tag-infanterie-sturmabzeichen","tag-niederpoering","tag-oberpoering","tag-schpola","tag-verwundetenabzeichen","tag-wehrmacht"],"_links":{"self":[{"href":"http:\/\/soldatenschicksale.de\/index.php?rest_route=\/wp\/v2\/posts\/1026","targetHints":{"allow":["GET"]}}],"collection":[{"href":"http:\/\/soldatenschicksale.de\/index.php?rest_route=\/wp\/v2\/posts"}],"about":[{"href":"http:\/\/soldatenschicksale.de\/index.php?rest_route=\/wp\/v2\/types\/post"}],"author":[{"embeddable":true,"href":"http:\/\/soldatenschicksale.de\/index.php?rest_route=\/wp\/v2\/users\/2"}],"replies":[{"embeddable":true,"href":"http:\/\/soldatenschicksale.de\/index.php?rest_route=%2Fwp%2Fv2%2Fcomments&post=1026"}],"version-history":[{"count":0,"href":"http:\/\/soldatenschicksale.de\/index.php?rest_route=\/wp\/v2\/posts\/1026\/revisions"}],"wp:attachment":[{"href":"http:\/\/soldatenschicksale.de\/index.php?rest_route=%2Fwp%2Fv2%2Fmedia&parent=1026"}],"wp:term":[{"taxonomy":"category","embeddable":true,"href":"http:\/\/soldatenschicksale.de\/index.php?rest_route=%2Fwp%2Fv2%2Fcategories&post=1026"},{"taxonomy":"post_tag","embeddable":true,"href":"http:\/\/soldatenschicksale.de\/index.php?rest_route=%2Fwp%2Fv2%2Ftags&post=1026"}],"curies":[{"name":"wp","href":"https:\/\/api.w.org\/{rel}","templated":true}]}}