{"id":10556,"date":"2026-02-18T20:00:29","date_gmt":"2026-02-18T19:00:29","guid":{"rendered":"http:\/\/soldatenschicksale.de\/?p=10556"},"modified":"2026-02-18T18:42:30","modified_gmt":"2026-02-18T17:42:30","slug":"sonderbeitrag-franz-rosenberg","status":"publish","type":"post","link":"http:\/\/soldatenschicksale.de\/?p=10556","title":{"rendered":"Sonderbeitrag: Franz Nowack"},"content":{"rendered":"<p>Der Soldat Franz Nowack stammte aus Rosenberg (polnisch: Rasin) bei Posen (polnisch: Pozna\u0144), Kotzoben. Im Ersten Weltkrieg k\u00e4mpfte er als Reservist in der 5. Kompanie des 6. Grenadier-Regiments. Am 05.04.1915 wurde er bei <a href=\"https:\/\/maps.app.goo.gl\/35hDgxFs2VJbzvYT7\" target=\"_blank\" rel=\"noopener\">Combres<\/a>, s\u00fcdlich von Verdun, schwer verwundet. F\u00fcnf Tage sp\u00e4ter, am 10.04.1915, starb er in einem Reserve-Lazarett in <a href=\"https:\/\/de.wikipedia.org\/wiki\/Saarbr%C3%BCcken\" target=\"_blank\" rel=\"noopener\">Saarbr\u00fccken<\/a> an seiner Verwundung.<\/p>\n<p>Man begrub Franz Nowack auf dem <span data-sheets-root=\"1\"><a class=\"in-cell-link\" href=\"https:\/\/maps.app.goo.gl\/Qw6xCgET7WvHSPVXA\" target=\"_blank\" rel=\"noopener\">Saarbr\u00fccker Ehrenfriedhof<\/a>.<\/span><\/p>\n<figure id=\"attachment_10557\" aria-describedby=\"caption-attachment-10557\" style=\"width: 529px\" class=\"wp-caption aligncenter\"><img loading=\"lazy\" decoding=\"async\" class=\"size-full wp-image-10557\" src=\"http:\/\/soldatenschicksale.de\/wp-content\/uploads\/2026\/02\/Franz-Nowack.jpg\" alt=\"\" width=\"529\" height=\"800\" srcset=\"http:\/\/soldatenschicksale.de\/wp-content\/uploads\/2026\/02\/Franz-Nowack.jpg 529w, http:\/\/soldatenschicksale.de\/wp-content\/uploads\/2026\/02\/Franz-Nowack-198x300.jpg 198w\" sizes=\"auto, (max-width: 529px) 85vw, 529px\" \/><figcaption id=\"caption-attachment-10557\" class=\"wp-caption-text\">Das Grab von Franz Nowack auf dem Ehrenfriedhof von Saarbr\u00fccken<\/figcaption><\/figure>\n","protected":false},"excerpt":{"rendered":"<p>Der Soldat Franz Nowack stammte aus Rosenberg (polnisch: Rasin) bei Posen (polnisch: Pozna\u0144), Kotzoben. Im Ersten Weltkrieg k\u00e4mpfte er als Reservist in der 5. Kompanie des 6. Grenadier-Regiments. Am 05.04.1915 wurde er bei Combres, s\u00fcdlich von Verdun, schwer verwundet. F\u00fcnf Tage sp\u00e4ter, am 10.04.1915, starb er in einem Reserve-Lazarett in Saarbr\u00fccken an seiner Verwundung. Man &hellip; <a href=\"http:\/\/soldatenschicksale.de\/?p=10556\" class=\"more-link\"><span class=\"screen-reader-text\">\u201eSonderbeitrag: Franz Nowack\u201c <\/span>weiterlesen<\/a><\/p>\n","protected":false},"author":2,"featured_media":0,"comment_status":"closed","ping_status":"open","sticky":false,"template":"","format":"standard","meta":{"footnotes":"","_wp_rev_ctl_limit":""},"categories":[1007,76,988,923,1064,75],"tags":[3211,3250,1383,990,3239,3247,413,203,3042,3248,1078,1166,3249,230,355,685],"class_list":["post-10556","post","type-post","status-publish","format-standard","hentry","category-1-weltkrieg","category-frankreich","category-grand-est","category-lothringen","category-verdun","category-westfront","tag-6-grenadier-regiment","tag-combres","tag-ehrenfriedhof-saarbruecken","tag-grand-est","tag-kaempfe-um-die-combres-hoehe","tag-kotzoben","tag-lothringen","tag-polen","tag-poznan","tag-rasin","tag-reserve-lazarett-saarbruecken","tag-reservist","tag-rosenberg","tag-saarbruecken","tag-schwer-verwundet","tag-verdun"],"_links":{"self":[{"href":"http:\/\/soldatenschicksale.de\/index.php?rest_route=\/wp\/v2\/posts\/10556","targetHints":{"allow":["GET"]}}],"collection":[{"href":"http:\/\/soldatenschicksale.de\/index.php?rest_route=\/wp\/v2\/posts"}],"about":[{"href":"http:\/\/soldatenschicksale.de\/index.php?rest_route=\/wp\/v2\/types\/post"}],"author":[{"embeddable":true,"href":"http:\/\/soldatenschicksale.de\/index.php?rest_route=\/wp\/v2\/users\/2"}],"replies":[{"embeddable":true,"href":"http:\/\/soldatenschicksale.de\/index.php?rest_route=%2Fwp%2Fv2%2Fcomments&post=10556"}],"version-history":[{"count":3,"href":"http:\/\/soldatenschicksale.de\/index.php?rest_route=\/wp\/v2\/posts\/10556\/revisions"}],"predecessor-version":[{"id":10563,"href":"http:\/\/soldatenschicksale.de\/index.php?rest_route=\/wp\/v2\/posts\/10556\/revisions\/10563"}],"wp:attachment":[{"href":"http:\/\/soldatenschicksale.de\/index.php?rest_route=%2Fwp%2Fv2%2Fmedia&parent=10556"}],"wp:term":[{"taxonomy":"category","embeddable":true,"href":"http:\/\/soldatenschicksale.de\/index.php?rest_route=%2Fwp%2Fv2%2Fcategories&post=10556"},{"taxonomy":"post_tag","embeddable":true,"href":"http:\/\/soldatenschicksale.de\/index.php?rest_route=%2Fwp%2Fv2%2Ftags&post=10556"}],"curies":[{"name":"wp","href":"https:\/\/api.w.org\/{rel}","templated":true}]}}