{"id":10618,"date":"2026-02-22T03:00:00","date_gmt":"2026-02-22T02:00:00","guid":{"rendered":"http:\/\/soldatenschicksale.de\/?p=10618"},"modified":"2026-02-21T20:12:30","modified_gmt":"2026-02-21T19:12:30","slug":"sonderbeitrag-wilhelm-karl-brenner","status":"publish","type":"post","link":"http:\/\/soldatenschicksale.de\/?p=10618","title":{"rendered":"Sonderbeitrag: Wilhelm Karl Brenner"},"content":{"rendered":"<p>Der Soldat Wilhelm Karl Brenner stammte aus Neufechingen. Im Ersten Weltkrieg k\u00e4mpfte er als Sch\u00fctze in der 284. Gebirgs-Maschinengewehr-Abteilung.<\/p>\n<p>Man begrub Wilhelm Karl Brenner auf dem <span data-sheets-root=\"1\"><a class=\"in-cell-link\" href=\"https:\/\/maps.app.goo.gl\/Qw6xCgET7WvHSPVXA\" target=\"_blank\" rel=\"noopener\">Saarbr\u00fccker Ehrenfriedhof<\/a>.<\/span><\/p>\n<figure id=\"attachment_10619\" aria-describedby=\"caption-attachment-10619\" style=\"width: 506px\" class=\"wp-caption aligncenter\"><img loading=\"lazy\" decoding=\"async\" class=\"size-full wp-image-10619\" src=\"http:\/\/soldatenschicksale.de\/wp-content\/uploads\/2026\/02\/Wilhelm-Karl-Brenner.jpg\" alt=\"\" width=\"506\" height=\"800\" srcset=\"http:\/\/soldatenschicksale.de\/wp-content\/uploads\/2026\/02\/Wilhelm-Karl-Brenner.jpg 506w, http:\/\/soldatenschicksale.de\/wp-content\/uploads\/2026\/02\/Wilhelm-Karl-Brenner-190x300.jpg 190w\" sizes=\"auto, (max-width: 506px) 85vw, 506px\" \/><figcaption id=\"caption-attachment-10619\" class=\"wp-caption-text\">Das Grab von Wilhelm Karl Brenner auf dem Ehrenfriedhof von Saarbr\u00fccken<\/figcaption><\/figure>\n","protected":false},"excerpt":{"rendered":"<p>Der Soldat Wilhelm Karl Brenner stammte aus Neufechingen. Im Ersten Weltkrieg k\u00e4mpfte er als Sch\u00fctze in der 284. Gebirgs-Maschinengewehr-Abteilung. Man begrub Wilhelm Karl Brenner auf dem Saarbr\u00fccker Ehrenfriedhof.<\/p>\n","protected":false},"author":2,"featured_media":0,"comment_status":"closed","ping_status":"open","sticky":false,"template":"","format":"standard","meta":{"footnotes":"","_wp_rev_ctl_limit":""},"categories":[1007],"tags":[3263,3232,3166,184],"class_list":["post-10618","post","type-post","status-publish","format-standard","hentry","category-1-weltkrieg","tag-284-gebirgs-maschinengewehr-abteilung","tag-neufechingen","tag-saarbruecker-ehrenfriedhof","tag-schuetze"],"_links":{"self":[{"href":"http:\/\/soldatenschicksale.de\/index.php?rest_route=\/wp\/v2\/posts\/10618","targetHints":{"allow":["GET"]}}],"collection":[{"href":"http:\/\/soldatenschicksale.de\/index.php?rest_route=\/wp\/v2\/posts"}],"about":[{"href":"http:\/\/soldatenschicksale.de\/index.php?rest_route=\/wp\/v2\/types\/post"}],"author":[{"embeddable":true,"href":"http:\/\/soldatenschicksale.de\/index.php?rest_route=\/wp\/v2\/users\/2"}],"replies":[{"embeddable":true,"href":"http:\/\/soldatenschicksale.de\/index.php?rest_route=%2Fwp%2Fv2%2Fcomments&post=10618"}],"version-history":[{"count":3,"href":"http:\/\/soldatenschicksale.de\/index.php?rest_route=\/wp\/v2\/posts\/10618\/revisions"}],"predecessor-version":[{"id":10628,"href":"http:\/\/soldatenschicksale.de\/index.php?rest_route=\/wp\/v2\/posts\/10618\/revisions\/10628"}],"wp:attachment":[{"href":"http:\/\/soldatenschicksale.de\/index.php?rest_route=%2Fwp%2Fv2%2Fmedia&parent=10618"}],"wp:term":[{"taxonomy":"category","embeddable":true,"href":"http:\/\/soldatenschicksale.de\/index.php?rest_route=%2Fwp%2Fv2%2Fcategories&post=10618"},{"taxonomy":"post_tag","embeddable":true,"href":"http:\/\/soldatenschicksale.de\/index.php?rest_route=%2Fwp%2Fv2%2Ftags&post=10618"}],"curies":[{"name":"wp","href":"https:\/\/api.w.org\/{rel}","templated":true}]}}