{"id":108,"date":"2020-12-30T00:00:07","date_gmt":"2020-12-29T23:00:07","guid":{"rendered":"http:\/\/soldatenschicksale.de\/?p=108"},"modified":"2020-12-25T12:45:47","modified_gmt":"2020-12-25T11:45:47","slug":"soldatenschicksale-des-2-weltkrieges-teil-8-sebastian-meier","status":"publish","type":"post","link":"http:\/\/soldatenschicksale.de\/?p=108","title":{"rendered":"Soldatenschicksale des 2. Weltkrieges Teil 8: Sebastian Meier"},"content":{"rendered":"<p>Der Soldat Sebastian Meier wurde am 14.01.1913 in Sonderdilching geboren, einem Ortsteil der bayerischen Gemeinde <a href=\"https:\/\/de.wikipedia.org\/wiki\/Weyarn\" target=\"_blank\" rel=\"noopener\">Weyarn<\/a>. Er wurde am 07.08.1932 M\u00f6nch der Salesianer Don Boscos und am 15.02.1941 zum Priester geweiht.<\/p>\n<p>Im Zweiten Weltkrieg diente er als Sanit\u00e4ts-Unteroffizier bei den Gebirgsj\u00e4gern der Wehrmacht und wurde mit dem Eisernen Kreuz 1 und 2. Klasse sowie mit dem Infanterie-Sturmabzeichen und mit der Ostmedaille ausgezeichnet.<\/p>\n<p>Am 02.10.1943 fiel er im Alter von 30 Jahren am <a href=\"https:\/\/de.wikipedia.org\/wiki\/Kuban-Br%C3%BCckenkopf\" target=\"_blank\" rel=\"noopener\">Kubanbr\u00fcckenkopf<\/a>.<\/p>\n<p>Die Lage des Grabes von Pater Sebastian Meier ist unbekannt.<\/p>\n<figure id=\"attachment_107\" aria-describedby=\"caption-attachment-107\" style=\"width: 445px\" class=\"wp-caption aligncenter\"><img loading=\"lazy\" decoding=\"async\" class=\"wp-image-107 size-full\" src=\"http:\/\/soldatenschicksale.de\/wp-content\/uploads\/2020\/12\/Sebastian-Meier-vorne.jpg\" alt=\"\" width=\"445\" height=\"800\" srcset=\"http:\/\/soldatenschicksale.de\/wp-content\/uploads\/2020\/12\/Sebastian-Meier-vorne.jpg 445w, http:\/\/soldatenschicksale.de\/wp-content\/uploads\/2020\/12\/Sebastian-Meier-vorne-167x300.jpg 167w\" sizes=\"auto, (max-width: 445px) 85vw, 445px\" \/><figcaption id=\"caption-attachment-107\" class=\"wp-caption-text\">Sterbebild von Sebastian Meier<\/figcaption><\/figure>\n<figure id=\"attachment_106\" aria-describedby=\"caption-attachment-106\" style=\"width: 445px\" class=\"wp-caption aligncenter\"><img loading=\"lazy\" decoding=\"async\" class=\"wp-image-106 size-full\" src=\"http:\/\/soldatenschicksale.de\/wp-content\/uploads\/2020\/12\/Sebastian-Meier-hinten.jpg\" alt=\"\" width=\"445\" height=\"800\" srcset=\"http:\/\/soldatenschicksale.de\/wp-content\/uploads\/2020\/12\/Sebastian-Meier-hinten.jpg 445w, http:\/\/soldatenschicksale.de\/wp-content\/uploads\/2020\/12\/Sebastian-Meier-hinten-167x300.jpg 167w\" sizes=\"auto, (max-width: 445px) 85vw, 445px\" \/><figcaption id=\"caption-attachment-106\" class=\"wp-caption-text\">R\u00fcckseite des Sterbebildes von Sebastian Meier<\/figcaption><\/figure>\n","protected":false},"excerpt":{"rendered":"<p>Der Soldat Sebastian Meier wurde am 14.01.1913 in Sonderdilching geboren, einem Ortsteil der bayerischen Gemeinde Weyarn. Er wurde am 07.08.1932 M\u00f6nch der Salesianer Don Boscos und am 15.02.1941 zum Priester geweiht. Im Zweiten Weltkrieg diente er als Sanit\u00e4ts-Unteroffizier bei den Gebirgsj\u00e4gern der Wehrmacht und wurde mit dem Eisernen Kreuz 1 und 2. Klasse sowie mit &hellip; <a href=\"http:\/\/soldatenschicksale.de\/?p=108\" class=\"more-link\"><span class=\"screen-reader-text\">\u201eSoldatenschicksale des 2. Weltkrieges Teil 8: Sebastian Meier\u201c <\/span>weiterlesen<\/a><\/p>\n","protected":false},"author":2,"featured_media":0,"comment_status":"closed","ping_status":"open","sticky":false,"template":"","format":"standard","meta":{"footnotes":"","_wp_rev_ctl_limit":""},"categories":[4],"tags":[21,56,57,24,58,65,63,12,45,35,23,64,62,17,14,61],"class_list":["post-108","post","type-post","status-publish","format-standard","hentry","category-ostfront","tag-bayern","tag-eisernes-kreuz-1-klasse","tag-eisernes-kreuz-2-klasse","tag-gebirgsjaeger","tag-infanterie-sturmabzeichen","tag-kubanbrueckenkopf","tag-moench","tag-ostfront","tag-ostmedaille","tag-priester","tag-salesianer-don-boskos","tag-sanitaets-unteroffizier","tag-sonderdilching","tag-unbekannte-grablage","tag-wehrmacht","tag-weyarn"],"_links":{"self":[{"href":"http:\/\/soldatenschicksale.de\/index.php?rest_route=\/wp\/v2\/posts\/108","targetHints":{"allow":["GET"]}}],"collection":[{"href":"http:\/\/soldatenschicksale.de\/index.php?rest_route=\/wp\/v2\/posts"}],"about":[{"href":"http:\/\/soldatenschicksale.de\/index.php?rest_route=\/wp\/v2\/types\/post"}],"author":[{"embeddable":true,"href":"http:\/\/soldatenschicksale.de\/index.php?rest_route=\/wp\/v2\/users\/2"}],"replies":[{"embeddable":true,"href":"http:\/\/soldatenschicksale.de\/index.php?rest_route=%2Fwp%2Fv2%2Fcomments&post=108"}],"version-history":[{"count":0,"href":"http:\/\/soldatenschicksale.de\/index.php?rest_route=\/wp\/v2\/posts\/108\/revisions"}],"wp:attachment":[{"href":"http:\/\/soldatenschicksale.de\/index.php?rest_route=%2Fwp%2Fv2%2Fmedia&parent=108"}],"wp:term":[{"taxonomy":"category","embeddable":true,"href":"http:\/\/soldatenschicksale.de\/index.php?rest_route=%2Fwp%2Fv2%2Fcategories&post=108"},{"taxonomy":"post_tag","embeddable":true,"href":"http:\/\/soldatenschicksale.de\/index.php?rest_route=%2Fwp%2Fv2%2Ftags&post=108"}],"curies":[{"name":"wp","href":"https:\/\/api.w.org\/{rel}","templated":true}]}}