{"id":1312,"date":"2021-11-13T00:00:16","date_gmt":"2021-11-12T23:00:16","guid":{"rendered":"http:\/\/soldatenschicksale.de\/?p=1312"},"modified":"2021-11-07T17:45:15","modified_gmt":"2021-11-07T16:45:15","slug":"soldatenschicksale-des-2-weltkrieges-teil-157-hans-flissiak","status":"publish","type":"post","link":"http:\/\/soldatenschicksale.de\/?p=1312","title":{"rendered":"Soldatenschicksale des 2. Weltkrieges Teil 161: Hans Flissiak"},"content":{"rendered":"<p>Der Soldat Hans Flissiak stammte aus Gro\u00dfpreu\u00dfenbruch im ehemaligen Kreis <a href=\"https:\/\/de.wikipedia.org\/wiki\/Gussew\" target=\"_blank\" rel=\"noopener\">Gumbinnen<\/a>, der heute polnisches Staatsgebiet ist. Im Zweiten Weltkrieg k\u00e4mpfte er als Obergefreiter in einem Infanterie-Regiment der Wehrmacht. Am 21.06.1942 fiel er im Alter von 22 Jahren bei <a href=\"https:\/\/de.wikipedia.org\/wiki\/Wolchow_(Stadt)\" target=\"_blank\" rel=\"noopener\">Wolchow<\/a>.<\/p>\n<p>Die Lage des Grabes von Hans Flissiak ist unbekannt. Es existiert wahrscheinlich nicht mehr.<\/p>\n<figure id=\"attachment_1279\" aria-describedby=\"caption-attachment-1279\" style=\"width: 638px\" class=\"wp-caption aligncenter\"><img loading=\"lazy\" decoding=\"async\" class=\"size-full wp-image-1279\" src=\"http:\/\/soldatenschicksale.de\/wp-content\/uploads\/2021\/11\/Hans-Flissiak-Gumbiner-allgemeine-Zeitung-05.01.1942.jpg\" alt=\"\" width=\"638\" height=\"619\" srcset=\"http:\/\/soldatenschicksale.de\/wp-content\/uploads\/2021\/11\/Hans-Flissiak-Gumbiner-allgemeine-Zeitung-05.01.1942.jpg 638w, http:\/\/soldatenschicksale.de\/wp-content\/uploads\/2021\/11\/Hans-Flissiak-Gumbiner-allgemeine-Zeitung-05.01.1942-300x291.jpg 300w\" sizes=\"auto, (max-width: 709px) 85vw, (max-width: 909px) 67vw, (max-width: 984px) 61vw, (max-width: 1362px) 45vw, 600px\" \/><figcaption id=\"caption-attachment-1279\" class=\"wp-caption-text\">Todesanzeige f\u00fcr Hans Flissiak in der Gumbinner allgemeinen Zeitung vom 05.01.1943<\/figcaption><\/figure>\n","protected":false},"excerpt":{"rendered":"<p>Der Soldat Hans Flissiak stammte aus Gro\u00dfpreu\u00dfenbruch im ehemaligen Kreis Gumbinnen, der heute polnisches Staatsgebiet ist. Im Zweiten Weltkrieg k\u00e4mpfte er als Obergefreiter in einem Infanterie-Regiment der Wehrmacht. Am 21.06.1942 fiel er im Alter von 22 Jahren bei Wolchow. Die Lage des Grabes von Hans Flissiak ist unbekannt. Es existiert wahrscheinlich nicht mehr.<\/p>\n","protected":false},"author":2,"featured_media":0,"comment_status":"closed","ping_status":"open","sticky":false,"template":"","format":"standard","meta":{"footnotes":"","_wp_rev_ctl_limit":""},"categories":[4,31],"tags":[766,101,739,25,12,42,17,765],"class_list":["post-1312","post","type-post","status-publish","format-standard","hentry","category-ostfront","category-russland","tag-grosspreussenbruch","tag-infanterie-regiment","tag-kreis-gumbinnen","tag-obergefreiter","tag-ostfront","tag-russland","tag-unbekannte-grablage","tag-wolchow"],"_links":{"self":[{"href":"http:\/\/soldatenschicksale.de\/index.php?rest_route=\/wp\/v2\/posts\/1312","targetHints":{"allow":["GET"]}}],"collection":[{"href":"http:\/\/soldatenschicksale.de\/index.php?rest_route=\/wp\/v2\/posts"}],"about":[{"href":"http:\/\/soldatenschicksale.de\/index.php?rest_route=\/wp\/v2\/types\/post"}],"author":[{"embeddable":true,"href":"http:\/\/soldatenschicksale.de\/index.php?rest_route=\/wp\/v2\/users\/2"}],"replies":[{"embeddable":true,"href":"http:\/\/soldatenschicksale.de\/index.php?rest_route=%2Fwp%2Fv2%2Fcomments&post=1312"}],"version-history":[{"count":0,"href":"http:\/\/soldatenschicksale.de\/index.php?rest_route=\/wp\/v2\/posts\/1312\/revisions"}],"wp:attachment":[{"href":"http:\/\/soldatenschicksale.de\/index.php?rest_route=%2Fwp%2Fv2%2Fmedia&parent=1312"}],"wp:term":[{"taxonomy":"category","embeddable":true,"href":"http:\/\/soldatenschicksale.de\/index.php?rest_route=%2Fwp%2Fv2%2Fcategories&post=1312"},{"taxonomy":"post_tag","embeddable":true,"href":"http:\/\/soldatenschicksale.de\/index.php?rest_route=%2Fwp%2Fv2%2Ftags&post=1312"}],"curies":[{"name":"wp","href":"https:\/\/api.w.org\/{rel}","templated":true}]}}