{"id":1350,"date":"2021-11-20T00:00:30","date_gmt":"2021-11-19T23:00:30","guid":{"rendered":"http:\/\/soldatenschicksale.de\/?p=1350"},"modified":"2021-11-14T09:38:08","modified_gmt":"2021-11-14T08:38:08","slug":"soldatenschicksale-des-2-weltkrieges-teil-168-friedrich-braemer","status":"publish","type":"post","link":"http:\/\/soldatenschicksale.de\/?p=1350","title":{"rendered":"Soldatenschicksale des 2. Weltkrieges Teil 168: Friedrich Br\u00e4mer"},"content":{"rendered":"<p>Der Soldat Friedrich Br\u00e4mer wurde am 16.01.1913 in Auballen geboren. Im Zweiten Weltkrieg k\u00e4mpfte er als Gefreiter in einem Artillerieregiment. Am 03.02.1943 fiel er durch schwere Verwundung im Alter von 30\u00a0 Jahren an der Ostfront bei den Abwehrk\u00e4mpfen um <a href=\"https:\/\/de.wikipedia.org\/wiki\/Pawlowskaja_(Krasnodar)\" target=\"_blank\" rel=\"noopener\">Krasnowardeisk<\/a><\/p>\n<p>Man begrub Friedrich Br\u00e4mer auf dem Soldatenfriedhof <a href=\"https:\/\/de.wikipedia.org\/wiki\/Deutsche_Kriegsgr%C3%A4berst%C3%A4tte_Sologubowka\" target=\"_blank\" rel=\"noopener\">Sologubowka<\/a> in Block 9, Reihe 49, Grab 2433.<\/p>\n<figure id=\"attachment_1336\" aria-describedby=\"caption-attachment-1336\" style=\"width: 612px\" class=\"wp-caption aligncenter\"><img loading=\"lazy\" decoding=\"async\" class=\"size-full wp-image-1336\" src=\"http:\/\/soldatenschicksale.de\/wp-content\/uploads\/2021\/11\/Friedrich-Braemerl-20.02.1943-Gumbinner-allgemeine-Zeitung.jpg\" alt=\"\" width=\"612\" height=\"646\" srcset=\"http:\/\/soldatenschicksale.de\/wp-content\/uploads\/2021\/11\/Friedrich-Braemerl-20.02.1943-Gumbinner-allgemeine-Zeitung.jpg 612w, http:\/\/soldatenschicksale.de\/wp-content\/uploads\/2021\/11\/Friedrich-Braemerl-20.02.1943-Gumbinner-allgemeine-Zeitung-284x300.jpg 284w\" sizes=\"auto, (max-width: 709px) 85vw, (max-width: 909px) 67vw, (max-width: 984px) 61vw, (max-width: 1362px) 45vw, 600px\" \/><figcaption id=\"caption-attachment-1336\" class=\"wp-caption-text\">Todesanzeige f\u00fcr Friedrich Br\u00e4mer in der Gumbinner allgemeinen Zeitung vom 20.02.1943<\/figcaption><\/figure>\n","protected":false},"excerpt":{"rendered":"<p>Der Soldat Friedrich Br\u00e4mer wurde am 16.01.1913 in Auballen geboren. Im Zweiten Weltkrieg k\u00e4mpfte er als Gefreiter in einem Artillerieregiment. Am 03.02.1943 fiel er durch schwere Verwundung im Alter von 30\u00a0 Jahren an der Ostfront bei den Abwehrk\u00e4mpfen um Krasnowardeisk Man begrub Friedrich Br\u00e4mer auf dem Soldatenfriedhof Sologubowka in Block 9, Reihe 49, Grab 2433.<\/p>\n","protected":false},"author":2,"featured_media":0,"comment_status":"closed","ping_status":"open","sticky":false,"template":"","format":"standard","meta":{"footnotes":"","_wp_rev_ctl_limit":""},"categories":[4,31],"tags":[787,786,11,788,12,165,43],"class_list":["post-1350","post","type-post","status-publish","format-standard","hentry","category-ostfront","category-russland","tag-artillerieregiment","tag-auballen","tag-gefreiter","tag-krasnowardeisk","tag-ostfront","tag-schwere-verwundung","tag-sologubowka"],"_links":{"self":[{"href":"http:\/\/soldatenschicksale.de\/index.php?rest_route=\/wp\/v2\/posts\/1350","targetHints":{"allow":["GET"]}}],"collection":[{"href":"http:\/\/soldatenschicksale.de\/index.php?rest_route=\/wp\/v2\/posts"}],"about":[{"href":"http:\/\/soldatenschicksale.de\/index.php?rest_route=\/wp\/v2\/types\/post"}],"author":[{"embeddable":true,"href":"http:\/\/soldatenschicksale.de\/index.php?rest_route=\/wp\/v2\/users\/2"}],"replies":[{"embeddable":true,"href":"http:\/\/soldatenschicksale.de\/index.php?rest_route=%2Fwp%2Fv2%2Fcomments&post=1350"}],"version-history":[{"count":0,"href":"http:\/\/soldatenschicksale.de\/index.php?rest_route=\/wp\/v2\/posts\/1350\/revisions"}],"wp:attachment":[{"href":"http:\/\/soldatenschicksale.de\/index.php?rest_route=%2Fwp%2Fv2%2Fmedia&parent=1350"}],"wp:term":[{"taxonomy":"category","embeddable":true,"href":"http:\/\/soldatenschicksale.de\/index.php?rest_route=%2Fwp%2Fv2%2Fcategories&post=1350"},{"taxonomy":"post_tag","embeddable":true,"href":"http:\/\/soldatenschicksale.de\/index.php?rest_route=%2Fwp%2Fv2%2Ftags&post=1350"}],"curies":[{"name":"wp","href":"https:\/\/api.w.org\/{rel}","templated":true}]}}