{"id":1540,"date":"2021-12-13T00:00:17","date_gmt":"2021-12-12T23:00:17","guid":{"rendered":"http:\/\/soldatenschicksale.de\/?p=1540"},"modified":"2021-12-08T17:09:48","modified_gmt":"2021-12-08T16:09:48","slug":"soldatenschicksale-des-2-weltkrieges-teil-191-rudolf-krikser","status":"publish","type":"post","link":"http:\/\/soldatenschicksale.de\/?p=1540","title":{"rendered":"Soldatenschicksale des 2. Weltkrieges Teil 191: Rudolf Krikser"},"content":{"rendered":"<p>Der Soldat Rudolf Krikser wurde am 28.12.1911 in <a href=\"https:\/\/de.wikipedia.org\/wiki\/Ober-Roden\" target=\"_blank\" rel=\"noopener\">Ober-Roden<\/a> geboren, heute ein Ortsteil der hessischen Stadt <a href=\"https:\/\/de.wikipedia.org\/wiki\/R%C3%B6dermark\" target=\"_blank\" rel=\"noopener\">R\u00f6dermark<\/a>. Im Ersten Weltkrieg diente er als Sanit\u00e4ts-Obergefreiter in der deutschen Wehrmacht. Am 20.02.1943 fiel er im Alter von 31 Jahren in Russland s\u00fcdlich Orel bei der H\u00f6he 246,3.<\/p>\n<p>Man begrub Rudolf Krikser auf dem Soldatenfriedhof <a href=\"https:\/\/kriegsgraeberstaetten.volksbund.de\/friedhof\/kursk-besedino\" target=\"_blank\" rel=\"noopener\">Kursk &#8211; Besedino<\/a>, Russland Block 6, Reihe 5, Grab 261<\/p>\n<figure id=\"attachment_1442\" aria-describedby=\"caption-attachment-1442\" style=\"width: 800px\" class=\"wp-caption aligncenter\"><img loading=\"lazy\" decoding=\"async\" class=\"size-full wp-image-1442\" src=\"http:\/\/soldatenschicksale.de\/wp-content\/uploads\/2021\/11\/Rudolf-Krikser-vorne.jpg\" alt=\"\" width=\"800\" height=\"671\" srcset=\"http:\/\/soldatenschicksale.de\/wp-content\/uploads\/2021\/11\/Rudolf-Krikser-vorne.jpg 800w, http:\/\/soldatenschicksale.de\/wp-content\/uploads\/2021\/11\/Rudolf-Krikser-vorne-300x252.jpg 300w, http:\/\/soldatenschicksale.de\/wp-content\/uploads\/2021\/11\/Rudolf-Krikser-vorne-768x644.jpg 768w\" sizes=\"auto, (max-width: 709px) 85vw, (max-width: 909px) 67vw, (max-width: 984px) 61vw, (max-width: 1362px) 45vw, 600px\" \/><figcaption id=\"caption-attachment-1442\" class=\"wp-caption-text\">Sterbebild von Rudolf Krikser<\/figcaption><\/figure>\n<figure id=\"attachment_1441\" aria-describedby=\"caption-attachment-1441\" style=\"width: 800px\" class=\"wp-caption aligncenter\"><img loading=\"lazy\" decoding=\"async\" class=\"size-full wp-image-1441\" src=\"http:\/\/soldatenschicksale.de\/wp-content\/uploads\/2021\/11\/Rudolf-Krikser-hinten.jpg\" alt=\"\" width=\"800\" height=\"671\" srcset=\"http:\/\/soldatenschicksale.de\/wp-content\/uploads\/2021\/11\/Rudolf-Krikser-hinten.jpg 800w, http:\/\/soldatenschicksale.de\/wp-content\/uploads\/2021\/11\/Rudolf-Krikser-hinten-300x252.jpg 300w, http:\/\/soldatenschicksale.de\/wp-content\/uploads\/2021\/11\/Rudolf-Krikser-hinten-768x644.jpg 768w\" sizes=\"auto, (max-width: 709px) 85vw, (max-width: 909px) 67vw, (max-width: 984px) 61vw, (max-width: 1362px) 45vw, 600px\" \/><figcaption id=\"caption-attachment-1441\" class=\"wp-caption-text\">R\u00fcckseite des Sterbebildes von Rudolf Krikser<\/figcaption><\/figure>\n","protected":false},"excerpt":{"rendered":"<p>Der Soldat Rudolf Krikser wurde am 28.12.1911 in Ober-Roden geboren, heute ein Ortsteil der hessischen Stadt R\u00f6dermark. Im Ersten Weltkrieg diente er als Sanit\u00e4ts-Obergefreiter in der deutschen Wehrmacht. Am 20.02.1943 fiel er im Alter von 31 Jahren in Russland s\u00fcdlich Orel bei der H\u00f6he 246,3. Man begrub Rudolf Krikser auf dem Soldatenfriedhof Kursk &#8211; Besedino, &hellip; <a href=\"http:\/\/soldatenschicksale.de\/?p=1540\" class=\"more-link\"><span class=\"screen-reader-text\">\u201eSoldatenschicksale des 2. Weltkrieges Teil 191: Rudolf Krikser\u201c <\/span>weiterlesen<\/a><\/p>\n","protected":false},"author":2,"featured_media":0,"comment_status":"closed","ping_status":"open","sticky":false,"template":"","format":"standard","meta":{"footnotes":"","_wp_rev_ctl_limit":""},"categories":[4,31],"tags":[464,862,90,859,860,391,12,861,500,14],"class_list":["post-1540","post","type-post","status-publish","format-standard","hentry","category-ostfront","category-russland","tag-hessen","tag-hoehe-246","tag-kursk-besedino","tag-ober-roden","tag-offenbach","tag-orel","tag-ostfront","tag-roedermark","tag-sanitaets-obergefreiter","tag-wehrmacht"],"_links":{"self":[{"href":"http:\/\/soldatenschicksale.de\/index.php?rest_route=\/wp\/v2\/posts\/1540","targetHints":{"allow":["GET"]}}],"collection":[{"href":"http:\/\/soldatenschicksale.de\/index.php?rest_route=\/wp\/v2\/posts"}],"about":[{"href":"http:\/\/soldatenschicksale.de\/index.php?rest_route=\/wp\/v2\/types\/post"}],"author":[{"embeddable":true,"href":"http:\/\/soldatenschicksale.de\/index.php?rest_route=\/wp\/v2\/users\/2"}],"replies":[{"embeddable":true,"href":"http:\/\/soldatenschicksale.de\/index.php?rest_route=%2Fwp%2Fv2%2Fcomments&post=1540"}],"version-history":[{"count":0,"href":"http:\/\/soldatenschicksale.de\/index.php?rest_route=\/wp\/v2\/posts\/1540\/revisions"}],"wp:attachment":[{"href":"http:\/\/soldatenschicksale.de\/index.php?rest_route=%2Fwp%2Fv2%2Fmedia&parent=1540"}],"wp:term":[{"taxonomy":"category","embeddable":true,"href":"http:\/\/soldatenschicksale.de\/index.php?rest_route=%2Fwp%2Fv2%2Fcategories&post=1540"},{"taxonomy":"post_tag","embeddable":true,"href":"http:\/\/soldatenschicksale.de\/index.php?rest_route=%2Fwp%2Fv2%2Ftags&post=1540"}],"curies":[{"name":"wp","href":"https:\/\/api.w.org\/{rel}","templated":true}]}}