{"id":1546,"date":"2021-12-14T00:00:13","date_gmt":"2021-12-13T23:00:13","guid":{"rendered":"http:\/\/soldatenschicksale.de\/?p=1546"},"modified":"2021-12-08T18:51:32","modified_gmt":"2021-12-08T17:51:32","slug":"soldatenschicksale-des-2-weltkrieges-teil-192-franz-baeumel","status":"publish","type":"post","link":"http:\/\/soldatenschicksale.de\/?p=1546","title":{"rendered":"Soldatenschicksale des 2. Weltkrieges Teil 192: Franz B\u00e4umel"},"content":{"rendered":"<p>Der Soldat Franz B\u00e4umel wurde am 07.06.1912 in der bayerischen Gemeinde <a href=\"https:\/\/de.wikipedia.org\/wiki\/Hohenwarth_(Landkreis_Cham)\" target=\"_blank\" rel=\"noopener\">Hohenwarth<\/a> geboren. Er war der Sohn eines Schlossers- und Schneiders. Im Zweiten Weltkrieg k\u00e4mpfte er als Grenadier in einer Panzer-Abwehr-Regiment. Am 17.07.1943 fiel er im Alter von 30 Jahren bei den K\u00e4mpfen am Kuban-Br\u00fcckenkopf bei Nowyi.<\/p>\n<p>Man begrub Franz B\u00e4umel auf dem Soldatenfriedhof <a href=\"https:\/\/de.wikipedia.org\/wiki\/Apscheronsk\" target=\"_blank\" rel=\"noopener\">Krasnodar-Apscheronsk<\/a> in Block 3, Reihe 25, Grab 1.248.<\/p>\n<p>Seine Heimatgemeinde Hohenwarth gedenkt Franz B\u00e4umel noch heute auf einem Denkmal: <a href=\"http:\/\/www.denkmalprojekt.org\/dkm_deutschland\/hohenwarth_wk2_bay.htm\" target=\"_blank\" rel=\"noopener\">http:\/\/www.denkmalprojekt.org\/dkm_deutschland\/hohenwarth_wk2_bay.htm<\/a><\/p>\n<figure id=\"attachment_1444\" aria-describedby=\"caption-attachment-1444\" style=\"width: 800px\" class=\"wp-caption aligncenter\"><img loading=\"lazy\" decoding=\"async\" class=\"size-full wp-image-1444\" src=\"http:\/\/soldatenschicksale.de\/wp-content\/uploads\/2021\/11\/Franz-und-Alois-Baeumel-vorne.jpg\" alt=\"\" width=\"800\" height=\"582\" srcset=\"http:\/\/soldatenschicksale.de\/wp-content\/uploads\/2021\/11\/Franz-und-Alois-Baeumel-vorne.jpg 800w, http:\/\/soldatenschicksale.de\/wp-content\/uploads\/2021\/11\/Franz-und-Alois-Baeumel-vorne-300x218.jpg 300w, http:\/\/soldatenschicksale.de\/wp-content\/uploads\/2021\/11\/Franz-und-Alois-Baeumel-vorne-768x559.jpg 768w\" sizes=\"auto, (max-width: 709px) 85vw, (max-width: 909px) 67vw, (max-width: 984px) 61vw, (max-width: 1362px) 45vw, 600px\" \/><figcaption id=\"caption-attachment-1444\" class=\"wp-caption-text\">Sterbebild von Franz und Alois B\u00e4umel<\/figcaption><\/figure>\n<figure id=\"attachment_1443\" aria-describedby=\"caption-attachment-1443\" style=\"width: 800px\" class=\"wp-caption aligncenter\"><img loading=\"lazy\" decoding=\"async\" class=\"size-full wp-image-1443\" src=\"http:\/\/soldatenschicksale.de\/wp-content\/uploads\/2021\/11\/Franz-und-Alois-Baeumel-hinten.jpg\" alt=\"\" width=\"800\" height=\"582\" srcset=\"http:\/\/soldatenschicksale.de\/wp-content\/uploads\/2021\/11\/Franz-und-Alois-Baeumel-hinten.jpg 800w, http:\/\/soldatenschicksale.de\/wp-content\/uploads\/2021\/11\/Franz-und-Alois-Baeumel-hinten-300x218.jpg 300w, http:\/\/soldatenschicksale.de\/wp-content\/uploads\/2021\/11\/Franz-und-Alois-Baeumel-hinten-768x559.jpg 768w\" sizes=\"auto, (max-width: 709px) 85vw, (max-width: 909px) 67vw, (max-width: 984px) 61vw, (max-width: 1362px) 45vw, 600px\" \/><figcaption id=\"caption-attachment-1443\" class=\"wp-caption-text\">R\u00fcckseite des Sterbebildes von Franz und Alois B\u00e4umel<\/figcaption><\/figure>\n","protected":false},"excerpt":{"rendered":"<p>Der Soldat Franz B\u00e4umel wurde am 07.06.1912 in der bayerischen Gemeinde Hohenwarth geboren. Er war der Sohn eines Schlossers- und Schneiders. Im Zweiten Weltkrieg k\u00e4mpfte er als Grenadier in einer Panzer-Abwehr-Regiment. Am 17.07.1943 fiel er im Alter von 30 Jahren bei den K\u00e4mpfen am Kuban-Br\u00fcckenkopf bei Nowyi. Man begrub Franz B\u00e4umel auf dem Soldatenfriedhof Krasnodar-Apscheronsk &hellip; <a href=\"http:\/\/soldatenschicksale.de\/?p=1546\" class=\"more-link\"><span class=\"screen-reader-text\">\u201eSoldatenschicksale des 2. Weltkrieges Teil 192: Franz B\u00e4umel\u201c <\/span>weiterlesen<\/a><\/p>\n","protected":false},"author":2,"featured_media":0,"comment_status":"closed","ping_status":"open","sticky":false,"template":"","format":"standard","meta":{"footnotes":"","_wp_rev_ctl_limit":""},"categories":[4,31],"tags":[30,308,863,94,222,867,12,866,42,864,865],"class_list":["post-1546","post","type-post","status-publish","format-standard","hentry","category-ostfront","category-russland","tag-denkmal","tag-grenadier","tag-hohenwarth","tag-krasnodar-apscheronsk","tag-kuban-brueckenkopf","tag-nowyi","tag-ostfront","tag-panzer-abwehr-regiment","tag-russland","tag-schlosserssohn","tag-schneiderssohn"],"_links":{"self":[{"href":"http:\/\/soldatenschicksale.de\/index.php?rest_route=\/wp\/v2\/posts\/1546","targetHints":{"allow":["GET"]}}],"collection":[{"href":"http:\/\/soldatenschicksale.de\/index.php?rest_route=\/wp\/v2\/posts"}],"about":[{"href":"http:\/\/soldatenschicksale.de\/index.php?rest_route=\/wp\/v2\/types\/post"}],"author":[{"embeddable":true,"href":"http:\/\/soldatenschicksale.de\/index.php?rest_route=\/wp\/v2\/users\/2"}],"replies":[{"embeddable":true,"href":"http:\/\/soldatenschicksale.de\/index.php?rest_route=%2Fwp%2Fv2%2Fcomments&post=1546"}],"version-history":[{"count":0,"href":"http:\/\/soldatenschicksale.de\/index.php?rest_route=\/wp\/v2\/posts\/1546\/revisions"}],"wp:attachment":[{"href":"http:\/\/soldatenschicksale.de\/index.php?rest_route=%2Fwp%2Fv2%2Fmedia&parent=1546"}],"wp:term":[{"taxonomy":"category","embeddable":true,"href":"http:\/\/soldatenschicksale.de\/index.php?rest_route=%2Fwp%2Fv2%2Fcategories&post=1546"},{"taxonomy":"post_tag","embeddable":true,"href":"http:\/\/soldatenschicksale.de\/index.php?rest_route=%2Fwp%2Fv2%2Ftags&post=1546"}],"curies":[{"name":"wp","href":"https:\/\/api.w.org\/{rel}","templated":true}]}}