{"id":1638,"date":"2021-12-26T00:00:24","date_gmt":"2021-12-25T23:00:24","guid":{"rendered":"http:\/\/soldatenschicksale.de\/?p=1638"},"modified":"2021-12-22T20:08:51","modified_gmt":"2021-12-22T19:08:51","slug":"soldatenschicksale-des-2-weltkrieges-teil-204-karl-schleich","status":"publish","type":"post","link":"http:\/\/soldatenschicksale.de\/?p=1638","title":{"rendered":"Soldatenschicksale des 2. Weltkrieges Teil 204: Karl Schleich"},"content":{"rendered":"<p>Der Soldat Karl Schleich wurde am 01.06.1925 in der bayerischen Gemeinde <a href=\"https:\/\/de.wikipedia.org\/wiki\/Altenstadt_(Oberbayern)\" target=\"_blank\" rel=\"noopener\">Altenstadt<\/a> geboren. Im Zweiten Weltkrieg k\u00e4mpfte er als Gefreiter und Kradmelder in einer Panzer-Kompanie der deutschen Wehrmacht. Am 12.11.1944 fiel er im Alter von 19 Jahren bei <a href=\"https:\/\/de.wikipedia.org\/wiki\/Baronville\" target=\"_blank\" rel=\"noopener\">Baronweiler<\/a> in Lothringen.<\/p>\n<p>Man begrub Karl Schleich zun\u00e4chst zun\u00e4chst begraben in Baronweiler. Sp\u00e4ter bettete man ihn auf den Soldatenfriedhof <span data-sheets-value=\"{&quot;1&quot;:2,&quot;2&quot;:&quot;Andilly&quot;}\" data-sheets-userformat=\"{&quot;2&quot;:1,&quot;3&quot;:{&quot;1&quot;:0,&quot;3&quot;:1}}\" data-sheets-formula=\"=HYPERLINK(&quot;https:\/\/goo.gl\/maps\/XEVpdPXxrQT2&quot;;&quot;Andilly&quot;)\" data-sheets-hyperlink=\"https:\/\/goo.gl\/maps\/XEVpdPXxrQT2\"><a class=\"in-cell-link\" href=\"https:\/\/goo.gl\/maps\/XEVpdPXxrQT2\" target=\"_blank\" rel=\"noopener\">Andilly<\/a><\/span> in <span data-sheets-value=\"{&quot;1&quot;:2,&quot;2&quot;:&quot;Block 20, Reihe 8, Grab 545&quot;}\" data-sheets-userformat=\"{&quot;2&quot;:513,&quot;3&quot;:{&quot;1&quot;:0},&quot;12&quot;:0}\">Block 20, Reihe 8, Grab 545 um.<\/span><\/p>\n<figure id=\"attachment_1526\" aria-describedby=\"caption-attachment-1526\" style=\"width: 480px\" class=\"wp-caption aligncenter\"><img loading=\"lazy\" decoding=\"async\" class=\"size-full wp-image-1526\" src=\"http:\/\/soldatenschicksale.de\/wp-content\/uploads\/2021\/12\/Karl-Schleich-vorne.jpg\" alt=\"\" width=\"480\" height=\"800\" srcset=\"http:\/\/soldatenschicksale.de\/wp-content\/uploads\/2021\/12\/Karl-Schleich-vorne.jpg 480w, http:\/\/soldatenschicksale.de\/wp-content\/uploads\/2021\/12\/Karl-Schleich-vorne-180x300.jpg 180w\" sizes=\"auto, (max-width: 480px) 85vw, 480px\" \/><figcaption id=\"caption-attachment-1526\" class=\"wp-caption-text\">Sterbebild von Karl Schleich<\/figcaption><\/figure>\n<figure id=\"attachment_1525\" aria-describedby=\"caption-attachment-1525\" style=\"width: 480px\" class=\"wp-caption aligncenter\"><img loading=\"lazy\" decoding=\"async\" class=\"size-full wp-image-1525\" src=\"http:\/\/soldatenschicksale.de\/wp-content\/uploads\/2021\/12\/Karl-Schleich-hinten.jpg\" alt=\"\" width=\"480\" height=\"800\" srcset=\"http:\/\/soldatenschicksale.de\/wp-content\/uploads\/2021\/12\/Karl-Schleich-hinten.jpg 480w, http:\/\/soldatenschicksale.de\/wp-content\/uploads\/2021\/12\/Karl-Schleich-hinten-180x300.jpg 180w\" sizes=\"auto, (max-width: 480px) 85vw, 480px\" \/><figcaption id=\"caption-attachment-1525\" class=\"wp-caption-text\">R\u00fcckseite des Sterbebildes von Karl Schleich<\/figcaption><\/figure>\n","protected":false},"excerpt":{"rendered":"<p>Der Soldat Karl Schleich wurde am 01.06.1925 in der bayerischen Gemeinde Altenstadt geboren. Im Zweiten Weltkrieg k\u00e4mpfte er als Gefreiter und Kradmelder in einer Panzer-Kompanie der deutschen Wehrmacht. Am 12.11.1944 fiel er im Alter von 19 Jahren bei Baronweiler in Lothringen. Man begrub Karl Schleich zun\u00e4chst zun\u00e4chst begraben in Baronweiler. Sp\u00e4ter bettete man ihn auf &hellip; <a href=\"http:\/\/soldatenschicksale.de\/?p=1638\" class=\"more-link\"><span class=\"screen-reader-text\">\u201eSoldatenschicksale des 2. Weltkrieges Teil 204: Karl Schleich\u201c <\/span>weiterlesen<\/a><\/p>\n","protected":false},"author":2,"featured_media":0,"comment_status":"closed","ping_status":"open","sticky":false,"template":"","format":"standard","meta":{"footnotes":"","_wp_rev_ctl_limit":""},"categories":[76,923,75],"tags":[908,307,912,911,21,78,11,909,413,910,839,239],"class_list":["post-1638","post","type-post","status-publish","format-standard","hentry","category-frankreich","category-lothringen","category-westfront","tag-altenstadt","tag-andilly","tag-baronville","tag-baronweiler","tag-bayern","tag-frankreich","tag-gefreiter","tag-kradmelder","tag-lothringen","tag-panzer-kompanie","tag-umbettung","tag-westfront"],"_links":{"self":[{"href":"http:\/\/soldatenschicksale.de\/index.php?rest_route=\/wp\/v2\/posts\/1638","targetHints":{"allow":["GET"]}}],"collection":[{"href":"http:\/\/soldatenschicksale.de\/index.php?rest_route=\/wp\/v2\/posts"}],"about":[{"href":"http:\/\/soldatenschicksale.de\/index.php?rest_route=\/wp\/v2\/types\/post"}],"author":[{"embeddable":true,"href":"http:\/\/soldatenschicksale.de\/index.php?rest_route=\/wp\/v2\/users\/2"}],"replies":[{"embeddable":true,"href":"http:\/\/soldatenschicksale.de\/index.php?rest_route=%2Fwp%2Fv2%2Fcomments&post=1638"}],"version-history":[{"count":0,"href":"http:\/\/soldatenschicksale.de\/index.php?rest_route=\/wp\/v2\/posts\/1638\/revisions"}],"wp:attachment":[{"href":"http:\/\/soldatenschicksale.de\/index.php?rest_route=%2Fwp%2Fv2%2Fmedia&parent=1638"}],"wp:term":[{"taxonomy":"category","embeddable":true,"href":"http:\/\/soldatenschicksale.de\/index.php?rest_route=%2Fwp%2Fv2%2Fcategories&post=1638"},{"taxonomy":"post_tag","embeddable":true,"href":"http:\/\/soldatenschicksale.de\/index.php?rest_route=%2Fwp%2Fv2%2Ftags&post=1638"}],"curies":[{"name":"wp","href":"https:\/\/api.w.org\/{rel}","templated":true}]}}