{"id":1735,"date":"2022-02-06T00:00:22","date_gmt":"2022-02-05T23:00:22","guid":{"rendered":"http:\/\/soldatenschicksale.de\/?p=1735"},"modified":"2022-02-06T15:29:22","modified_gmt":"2022-02-06T14:29:22","slug":"soldatenschicksale-des-2-weltkrieges-teil-217-josef-steinbrueckel","status":"publish","type":"post","link":"http:\/\/soldatenschicksale.de\/?p=1735","title":{"rendered":"Soldatenschicksale des 2. Weltkrieges Teil 217: Josef Steinbr\u00fcckel"},"content":{"rendered":"<p>Der Soldat Josef Steinbr\u00fcckel wurde am 16.06.1902 in Bucheck, einem Ortsteil der bayerischen Gemeinde <a href=\"https:\/\/de.wikipedia.org\/wiki\/Maria_Schmolln\" target=\"_blank\" rel=\"noopener\">Maria Schmolln<\/a> geboren und war Besitzer des Z\u00f6hnergutes. Im Ersten Weltkrieg k\u00e4mpfte er als Kanonier und Sch\u00fctze in der deutschen Wehrmacht. Am 23.11.1944 fiel er im Alter von 42 Jahren bei Stra\u00dfburg durch einen Volltreffer.<\/p>\n<p>Man begrub Josef Steinbr\u00fcckel auf dem Soldatenfriedhof <span data-sheets-value=\"{&quot;1&quot;:2,&quot;2&quot;:&quot;Strasbourg-Cronenbourg&quot;}\" data-sheets-userformat=\"{&quot;2&quot;:1,&quot;3&quot;:{&quot;1&quot;:0,&quot;3&quot;:1}}\" data-sheets-formula=\"=HYPERLINK(&quot;https:\/\/goo.gl\/maps\/ZxJqLb2mtbz&quot;;&quot;Strasbourg-Cronenbourg&quot;)\" data-sheets-hyperlink=\"https:\/\/goo.gl\/maps\/ZxJqLb2mtbz\"><a class=\"in-cell-link\" href=\"https:\/\/goo.gl\/maps\/ZxJqLb2mtbz\" target=\"_blank\" rel=\"noopener\">Strasbourg-Cronenbourg<\/a><\/span> in <span data-sheets-value=\"{&quot;1&quot;:2,&quot;2&quot;:&quot;Block B, Reihe 10, Grab 304&quot;}\" data-sheets-userformat=\"{&quot;2&quot;:513,&quot;3&quot;:{&quot;1&quot;:0},&quot;12&quot;:0}\">Block B, Reihe 10, Grab 304.<\/span><\/p>\n<figure id=\"attachment_1577\" aria-describedby=\"caption-attachment-1577\" style=\"width: 459px\" class=\"wp-caption aligncenter\"><img loading=\"lazy\" decoding=\"async\" class=\"size-full wp-image-1577\" src=\"http:\/\/soldatenschicksale.de\/wp-content\/uploads\/2021\/12\/Josef-Steinbrueckel-vorne.jpg\" alt=\"\" width=\"459\" height=\"800\" srcset=\"http:\/\/soldatenschicksale.de\/wp-content\/uploads\/2021\/12\/Josef-Steinbrueckel-vorne.jpg 459w, http:\/\/soldatenschicksale.de\/wp-content\/uploads\/2021\/12\/Josef-Steinbrueckel-vorne-172x300.jpg 172w\" sizes=\"auto, (max-width: 459px) 85vw, 459px\" \/><figcaption id=\"caption-attachment-1577\" class=\"wp-caption-text\">Sterbebild von Josef Steinbr\u00fcckel<\/figcaption><\/figure>\n<figure id=\"attachment_1576\" aria-describedby=\"caption-attachment-1576\" style=\"width: 459px\" class=\"wp-caption aligncenter\"><img loading=\"lazy\" decoding=\"async\" class=\"size-full wp-image-1576\" src=\"http:\/\/soldatenschicksale.de\/wp-content\/uploads\/2021\/12\/Josef-Steinbrueckel-hinten.jpg\" alt=\"\" width=\"459\" height=\"800\" srcset=\"http:\/\/soldatenschicksale.de\/wp-content\/uploads\/2021\/12\/Josef-Steinbrueckel-hinten.jpg 459w, http:\/\/soldatenschicksale.de\/wp-content\/uploads\/2021\/12\/Josef-Steinbrueckel-hinten-172x300.jpg 172w\" sizes=\"auto, (max-width: 459px) 85vw, 459px\" \/><figcaption id=\"caption-attachment-1576\" class=\"wp-caption-text\">R\u00fcckseite des Sterbebildes von Josef Steinbr\u00fcckel<\/figcaption><\/figure>\n","protected":false},"excerpt":{"rendered":"<p>Der Soldat Josef Steinbr\u00fcckel wurde am 16.06.1902 in Bucheck, einem Ortsteil der bayerischen Gemeinde Maria Schmolln geboren und war Besitzer des Z\u00f6hnergutes. Im Ersten Weltkrieg k\u00e4mpfte er als Kanonier und Sch\u00fctze in der deutschen Wehrmacht. Am 23.11.1944 fiel er im Alter von 42 Jahren bei Stra\u00dfburg durch einen Volltreffer. Man begrub Josef Steinbr\u00fcckel auf dem &hellip; <a href=\"http:\/\/soldatenschicksale.de\/?p=1735\" class=\"more-link\"><span class=\"screen-reader-text\">\u201eSoldatenschicksale des 2. Weltkrieges Teil 217: Josef Steinbr\u00fcckel\u201c <\/span>weiterlesen<\/a><\/p>\n","protected":false},"author":2,"featured_media":0,"comment_status":"closed","ping_status":"open","sticky":false,"template":"","format":"standard","meta":{"footnotes":"","_wp_rev_ctl_limit":""},"categories":[76,468,75],"tags":[21,957,303,78,747,252,326,184,958,306,403,14,239],"class_list":["post-1735","post","type-post","status-publish","format-standard","hentry","category-frankreich","category-vogesen-elsass","category-westfront","tag-bayern","tag-bucheck","tag-elsass","tag-frankreich","tag-kanonier","tag-landwirt","tag-maria-schmolln","tag-schuetze","tag-strassburg","tag-vogesen","tag-volltreffer","tag-wehrmacht","tag-westfront"],"_links":{"self":[{"href":"http:\/\/soldatenschicksale.de\/index.php?rest_route=\/wp\/v2\/posts\/1735","targetHints":{"allow":["GET"]}}],"collection":[{"href":"http:\/\/soldatenschicksale.de\/index.php?rest_route=\/wp\/v2\/posts"}],"about":[{"href":"http:\/\/soldatenschicksale.de\/index.php?rest_route=\/wp\/v2\/types\/post"}],"author":[{"embeddable":true,"href":"http:\/\/soldatenschicksale.de\/index.php?rest_route=\/wp\/v2\/users\/2"}],"replies":[{"embeddable":true,"href":"http:\/\/soldatenschicksale.de\/index.php?rest_route=%2Fwp%2Fv2%2Fcomments&post=1735"}],"version-history":[{"count":0,"href":"http:\/\/soldatenschicksale.de\/index.php?rest_route=\/wp\/v2\/posts\/1735\/revisions"}],"wp:attachment":[{"href":"http:\/\/soldatenschicksale.de\/index.php?rest_route=%2Fwp%2Fv2%2Fmedia&parent=1735"}],"wp:term":[{"taxonomy":"category","embeddable":true,"href":"http:\/\/soldatenschicksale.de\/index.php?rest_route=%2Fwp%2Fv2%2Fcategories&post=1735"},{"taxonomy":"post_tag","embeddable":true,"href":"http:\/\/soldatenschicksale.de\/index.php?rest_route=%2Fwp%2Fv2%2Ftags&post=1735"}],"curies":[{"name":"wp","href":"https:\/\/api.w.org\/{rel}","templated":true}]}}