{"id":1757,"date":"2022-02-10T00:00:39","date_gmt":"2022-02-09T23:00:39","guid":{"rendered":"http:\/\/soldatenschicksale.de\/?p=1757"},"modified":"2022-02-06T16:24:42","modified_gmt":"2022-02-06T15:24:42","slug":"soldatenschicksale-des-2-weltkrieges-teil-221-josef-feiler","status":"publish","type":"post","link":"http:\/\/soldatenschicksale.de\/?p=1757","title":{"rendered":"Soldatenschicksale des 2. Weltkrieges Teil 221: Josef Feiler"},"content":{"rendered":"<p>Der Soldat Josef Feiler wurde am 13.03.1911 geboren. Im Zweiten Weltkrieg k\u00e4mpfte er als Obegefreiter in einem Landessch\u00fctzen-Bataillon der Wehrmacht. Am 02.06.1945 verstarb er im Alter von 34 Jahren in einem Lazarett in <a href=\"https:\/\/de.wikipedia.org\/wiki\/Gro%C3%9Fen-Buseck\" target=\"_blank\" rel=\"noopener\">Gro\u00dfen-Buseck<\/a> im heutigen Bundesland Hessen (rund 5 Kilometer von meinem Wohnhaus entfernt).<\/p>\n<figure id=\"attachment_1608\" aria-describedby=\"caption-attachment-1608\" style=\"width: 460px\" class=\"wp-caption aligncenter\"><img loading=\"lazy\" decoding=\"async\" class=\"size-full wp-image-1608\" src=\"http:\/\/soldatenschicksale.de\/wp-content\/uploads\/2021\/12\/Josef-Feiler-vorne.jpg\" alt=\"\" width=\"460\" height=\"800\" srcset=\"http:\/\/soldatenschicksale.de\/wp-content\/uploads\/2021\/12\/Josef-Feiler-vorne.jpg 460w, http:\/\/soldatenschicksale.de\/wp-content\/uploads\/2021\/12\/Josef-Feiler-vorne-173x300.jpg 173w\" sizes=\"auto, (max-width: 460px) 85vw, 460px\" \/><figcaption id=\"caption-attachment-1608\" class=\"wp-caption-text\">Sterbebild von Josef Feiler<\/figcaption><\/figure>\n<figure id=\"attachment_1607\" aria-describedby=\"caption-attachment-1607\" style=\"width: 460px\" class=\"wp-caption aligncenter\"><img loading=\"lazy\" decoding=\"async\" class=\"size-full wp-image-1607\" src=\"http:\/\/soldatenschicksale.de\/wp-content\/uploads\/2021\/12\/Josef-Feiler-hinten.jpg\" alt=\"\" width=\"460\" height=\"800\" srcset=\"http:\/\/soldatenschicksale.de\/wp-content\/uploads\/2021\/12\/Josef-Feiler-hinten.jpg 460w, http:\/\/soldatenschicksale.de\/wp-content\/uploads\/2021\/12\/Josef-Feiler-hinten-173x300.jpg 173w\" sizes=\"auto, (max-width: 460px) 85vw, 460px\" \/><figcaption id=\"caption-attachment-1607\" class=\"wp-caption-text\">R\u00fcckseite des Sterbebildes von Josef Feiler<\/figcaption><\/figure>\n","protected":false},"excerpt":{"rendered":"<p>Der Soldat Josef Feiler wurde am 13.03.1911 geboren. Im Zweiten Weltkrieg k\u00e4mpfte er als Obegefreiter in einem Landessch\u00fctzen-Bataillon der Wehrmacht. Am 02.06.1945 verstarb er im Alter von 34 Jahren in einem Lazarett in Gro\u00dfen-Buseck im heutigen Bundesland Hessen (rund 5 Kilometer von meinem Wohnhaus entfernt).<\/p>\n","protected":false},"author":2,"featured_media":0,"comment_status":"closed","ping_status":"open","sticky":false,"template":"","format":"standard","meta":{"footnotes":"","_wp_rev_ctl_limit":""},"categories":[79],"tags":[971,464,970,170,25,14],"class_list":["post-1757","post","type-post","status-publish","format-standard","hentry","category-heimat","tag-grossen-buseck","tag-hessen","tag-landesschuetzen-bataillon","tag-lazarett","tag-obergefreiter","tag-wehrmacht"],"_links":{"self":[{"href":"http:\/\/soldatenschicksale.de\/index.php?rest_route=\/wp\/v2\/posts\/1757","targetHints":{"allow":["GET"]}}],"collection":[{"href":"http:\/\/soldatenschicksale.de\/index.php?rest_route=\/wp\/v2\/posts"}],"about":[{"href":"http:\/\/soldatenschicksale.de\/index.php?rest_route=\/wp\/v2\/types\/post"}],"author":[{"embeddable":true,"href":"http:\/\/soldatenschicksale.de\/index.php?rest_route=\/wp\/v2\/users\/2"}],"replies":[{"embeddable":true,"href":"http:\/\/soldatenschicksale.de\/index.php?rest_route=%2Fwp%2Fv2%2Fcomments&post=1757"}],"version-history":[{"count":0,"href":"http:\/\/soldatenschicksale.de\/index.php?rest_route=\/wp\/v2\/posts\/1757\/revisions"}],"wp:attachment":[{"href":"http:\/\/soldatenschicksale.de\/index.php?rest_route=%2Fwp%2Fv2%2Fmedia&parent=1757"}],"wp:term":[{"taxonomy":"category","embeddable":true,"href":"http:\/\/soldatenschicksale.de\/index.php?rest_route=%2Fwp%2Fv2%2Fcategories&post=1757"},{"taxonomy":"post_tag","embeddable":true,"href":"http:\/\/soldatenschicksale.de\/index.php?rest_route=%2Fwp%2Fv2%2Ftags&post=1757"}],"curies":[{"name":"wp","href":"https:\/\/api.w.org\/{rel}","templated":true}]}}