{"id":1922,"date":"2024-08-19T00:00:38","date_gmt":"2024-08-18T23:00:38","guid":{"rendered":"http:\/\/soldatenschicksale.de\/?p=1922"},"modified":"2024-08-12T21:07:46","modified_gmt":"2024-08-12T20:07:46","slug":"soldatenschicksale-des-1-weltkrieges-teil-9-mathias-winter-unfertig","status":"publish","type":"post","link":"http:\/\/soldatenschicksale.de\/?p=1922","title":{"rendered":"Soldatenschicksale des 1. Weltkrieges Teil 9: Mathias Winter"},"content":{"rendered":"<p>Bei meiner letzten Reise in meine Heimat, das Saarland, stie\u00df ich im \u00dcberherrner Ortsteil Berus auf das Grab von Mathias Winter. Er stammte aus dem Ortsteil <a href=\"https:\/\/de.wikipedia.org\/wiki\/Altforweiler\" target=\"_blank\" rel=\"noopener\">Altforweiler<\/a> der saarl\u00e4ndischen Gemeinde <a href=\"https:\/\/de.wikipedia.org\/wiki\/%C3%9Cberherrn\" target=\"_blank\" rel=\"noopener\">\u00dcberherrn<\/a>. Im Ersten Weltkrieg k\u00e4mpfte er als Infanterist in der 12. Kompanie des 132. Infanterie-Regiments. Am 29.03.1916 verstarb er nach schwerer Verwundung w\u00e4hrend der <a href=\"https:\/\/de.wikipedia.org\/wiki\/Schlacht_um_Verdun\" target=\"_blank\" rel=\"noopener\">Schlacht um Verdun<\/a>, im Reserve-Lazarett <a href=\"https:\/\/de.wikipedia.org\/wiki\/Bad_Kreuznach\" target=\"_blank\" rel=\"noopener\">Bad Kreuznach<\/a>.<\/p>\n<p>Man \u00fcberf\u00fchrte seinen Leichnam in seine Heimat und begrub ihn auf dem Friedhof Berus in einem Einzelgrab.<\/p>\n<figure id=\"attachment_1923\" aria-describedby=\"caption-attachment-1923\" style=\"width: 449px\" class=\"wp-caption aligncenter\"><img loading=\"lazy\" decoding=\"async\" class=\"size-full wp-image-1923\" src=\"http:\/\/soldatenschicksale.de\/wp-content\/uploads\/2024\/08\/Mathias-Winter.jpg\" alt=\"\" width=\"449\" height=\"800\" srcset=\"http:\/\/soldatenschicksale.de\/wp-content\/uploads\/2024\/08\/Mathias-Winter.jpg 449w, http:\/\/soldatenschicksale.de\/wp-content\/uploads\/2024\/08\/Mathias-Winter-168x300.jpg 168w\" sizes=\"auto, (max-width: 449px) 85vw, 449px\" \/><figcaption id=\"caption-attachment-1923\" class=\"wp-caption-text\">Grab von Mathias Winter in Berus<\/figcaption><\/figure>\n","protected":false},"excerpt":{"rendered":"<p>Bei meiner letzten Reise in meine Heimat, das Saarland, stie\u00df ich im \u00dcberherrner Ortsteil Berus auf das Grab von Mathias Winter. Er stammte aus dem Ortsteil Altforweiler der saarl\u00e4ndischen Gemeinde \u00dcberherrn. Im Ersten Weltkrieg k\u00e4mpfte er als Infanterist in der 12. Kompanie des 132. Infanterie-Regiments. Am 29.03.1916 verstarb er nach schwerer Verwundung w\u00e4hrend der Schlacht &hellip; <a href=\"http:\/\/soldatenschicksale.de\/?p=1922\" class=\"more-link\"><span class=\"screen-reader-text\">\u201eSoldatenschicksale des 1. Weltkrieges Teil 9: Mathias Winter\u201c <\/span>weiterlesen<\/a><\/p>\n","protected":false},"author":2,"featured_media":0,"comment_status":"closed","ping_status":"open","sticky":false,"template":"","format":"standard","meta":{"footnotes":"","_wp_rev_ctl_limit":""},"categories":[1007,76,988,923,1064,75],"tags":[1060,1057,1059,78,990,171,1056,413,1061,229,1063,1062,1058,239],"class_list":["post-1922","post","type-post","status-publish","format-standard","hentry","category-1-weltkrieg","category-frankreich","category-grand-est","category-lothringen","category-verdun","category-westfront","tag-132-infanterie-regiment","tag-altforweiler","tag-berus","tag-frankreich","tag-grand-est","tag-heimat","tag-infanterist","tag-lothringen","tag-reserve-lazarett-bad-kreuznach","tag-saarland","tag-schlacht-um-verdun","tag-ueberfuehrung","tag-ueberherrn","tag-westfront"],"_links":{"self":[{"href":"http:\/\/soldatenschicksale.de\/index.php?rest_route=\/wp\/v2\/posts\/1922","targetHints":{"allow":["GET"]}}],"collection":[{"href":"http:\/\/soldatenschicksale.de\/index.php?rest_route=\/wp\/v2\/posts"}],"about":[{"href":"http:\/\/soldatenschicksale.de\/index.php?rest_route=\/wp\/v2\/types\/post"}],"author":[{"embeddable":true,"href":"http:\/\/soldatenschicksale.de\/index.php?rest_route=\/wp\/v2\/users\/2"}],"replies":[{"embeddable":true,"href":"http:\/\/soldatenschicksale.de\/index.php?rest_route=%2Fwp%2Fv2%2Fcomments&post=1922"}],"version-history":[{"count":0,"href":"http:\/\/soldatenschicksale.de\/index.php?rest_route=\/wp\/v2\/posts\/1922\/revisions"}],"wp:attachment":[{"href":"http:\/\/soldatenschicksale.de\/index.php?rest_route=%2Fwp%2Fv2%2Fmedia&parent=1922"}],"wp:term":[{"taxonomy":"category","embeddable":true,"href":"http:\/\/soldatenschicksale.de\/index.php?rest_route=%2Fwp%2Fv2%2Fcategories&post=1922"},{"taxonomy":"post_tag","embeddable":true,"href":"http:\/\/soldatenschicksale.de\/index.php?rest_route=%2Fwp%2Fv2%2Ftags&post=1922"}],"curies":[{"name":"wp","href":"https:\/\/api.w.org\/{rel}","templated":true}]}}