{"id":1982,"date":"2024-08-15T12:00:48","date_gmt":"2024-08-15T11:00:48","guid":{"rendered":"http:\/\/soldatenschicksale.de\/?p=1982"},"modified":"2024-08-14T19:11:27","modified_gmt":"2024-08-14T18:11:27","slug":"die-gefallenen-und-an-krankheiten-gestorbenen-soldaten-des-ersten-und-zweiten-weltkrieges-auf-dem-friedhof-alt-saarbruecken","status":"publish","type":"post","link":"http:\/\/soldatenschicksale.de\/?p=1982","title":{"rendered":"Die Gefallenen und an Krankheiten gestorbenen Soldaten des Ersten und Zweiten Weltkrieges auf dem Friedhof Alt-Saarbr\u00fccken"},"content":{"rendered":"<p>Ab dem 23.08.2024 stelle ich die auf dem Saarbr\u00fccker Friedhof <a href=\"https:\/\/de.wikipedia.org\/wiki\/Alter_Friedhof_Alt-Saarbr%C3%BCcken\" target=\"_blank\" rel=\"noopener\">Alt-Saarbr\u00fccken<\/a> begrabenen gefallenen und an Krankheiten gestorbenen Soldaten des Ersten und Zweiten Weltkrieges vor.<\/p>\n<p>Vorab weise ich auf das Grab eines unbekannten Toten hin. Es gibt keinerlei Hinweise auf ihn. Die Stadt Saarbr\u00fccken hat nicht einmal vermerkt, in welchem Krieg er fiel.<\/p>\n<p>\u00dcberhaupt ist das ganze Gr\u00e4berfeld in einem erb\u00e4rmlichen Zustand und die Stadt Saarbr\u00fccken sollte sich sch\u00e4men!<\/p>\n<figure id=\"attachment_1978\" aria-describedby=\"caption-attachment-1978\" style=\"width: 800px\" class=\"wp-caption aligncenter\"><img loading=\"lazy\" decoding=\"async\" class=\"size-full wp-image-1978\" src=\"http:\/\/soldatenschicksale.de\/wp-content\/uploads\/2024\/08\/Gesamtsicht-Alt-Saarbruecken.jpg\" alt=\"\" width=\"800\" height=\"360\" srcset=\"http:\/\/soldatenschicksale.de\/wp-content\/uploads\/2024\/08\/Gesamtsicht-Alt-Saarbruecken.jpg 800w, http:\/\/soldatenschicksale.de\/wp-content\/uploads\/2024\/08\/Gesamtsicht-Alt-Saarbruecken-300x135.jpg 300w, http:\/\/soldatenschicksale.de\/wp-content\/uploads\/2024\/08\/Gesamtsicht-Alt-Saarbruecken-768x346.jpg 768w\" sizes=\"auto, (max-width: 709px) 85vw, (max-width: 909px) 67vw, (max-width: 984px) 61vw, (max-width: 1362px) 45vw, 600px\" \/><figcaption id=\"caption-attachment-1978\" class=\"wp-caption-text\">Gesamtsicht auf das Gr\u00e4berfeld f\u00fcr gefallene und an Krankheiten gestorbene Soldaten des Ersten Weltkriegs auf dem Saarbr\u00fccker Friedhof Alt-Saarbr\u00fccken<\/figcaption><\/figure>\n<figure id=\"attachment_1981\" aria-describedby=\"caption-attachment-1981\" style=\"width: 566px\" class=\"wp-caption aligncenter\"><img loading=\"lazy\" decoding=\"async\" class=\"size-full wp-image-1981\" src=\"http:\/\/soldatenschicksale.de\/wp-content\/uploads\/2024\/08\/unbekannter-Toter.jpg\" alt=\"\" width=\"566\" height=\"800\" srcset=\"http:\/\/soldatenschicksale.de\/wp-content\/uploads\/2024\/08\/unbekannter-Toter.jpg 566w, http:\/\/soldatenschicksale.de\/wp-content\/uploads\/2024\/08\/unbekannter-Toter-212x300.jpg 212w\" sizes=\"auto, (max-width: 566px) 85vw, 566px\" \/><figcaption id=\"caption-attachment-1981\" class=\"wp-caption-text\">Grab eines unbekannten Toten auf dem Saarbr\u00fccker Friedhof Alt-Saarbr\u00fccken<\/figcaption><\/figure>\n<p>Lage des Friedhofs:<\/p>\n<p><iframe loading=\"lazy\" style=\"border: 0;\" src=\"https:\/\/www.google.com\/maps\/embed?pb=!1m18!1m12!1m3!1d3283.935002656369!2d6.974286777102355!3d49.23022027138502!2m3!1f0!2f0!3f0!3m2!1i1024!2i768!4f13.1!3m3!1m2!1s0x4795b3f9471ad4e3%3A0x24fbd30266321ff2!2sFriedhof%20Alt-Saarbr%C3%BCcken!5e1!3m2!1sde!2sde!4v1723659059037!5m2!1sde!2sde\" width=\"600\" height=\"450\" allowfullscreen=\"allowfullscreen\"><\/iframe><\/p>\n","protected":false},"excerpt":{"rendered":"<p>Ab dem 23.08.2024 stelle ich die auf dem Saarbr\u00fccker Friedhof Alt-Saarbr\u00fccken begrabenen gefallenen und an Krankheiten gestorbenen Soldaten des Ersten und Zweiten Weltkrieges vor. Vorab weise ich auf das Grab eines unbekannten Toten hin. Es gibt keinerlei Hinweise auf ihn. Die Stadt Saarbr\u00fccken hat nicht einmal vermerkt, in welchem Krieg er fiel. \u00dcberhaupt ist das &hellip; <a href=\"http:\/\/soldatenschicksale.de\/?p=1982\" class=\"more-link\"><span class=\"screen-reader-text\">\u201eDie Gefallenen und an Krankheiten gestorbenen Soldaten des Ersten und Zweiten Weltkrieges auf dem Friedhof Alt-Saarbr\u00fccken\u201c <\/span>weiterlesen<\/a><\/p>\n","protected":false},"author":2,"featured_media":0,"comment_status":"closed","ping_status":"open","sticky":false,"template":"","format":"standard","meta":{"footnotes":"","_wp_rev_ctl_limit":""},"categories":[1007,1008],"tags":[1069,230,1082],"class_list":["post-1982","post","type-post","status-publish","format-standard","hentry","category-1-weltkrieg","category-2-weltkrieg","tag-alter-friedhof-alt-saarbruecken","tag-saarbruecken","tag-sarrland"],"_links":{"self":[{"href":"http:\/\/soldatenschicksale.de\/index.php?rest_route=\/wp\/v2\/posts\/1982","targetHints":{"allow":["GET"]}}],"collection":[{"href":"http:\/\/soldatenschicksale.de\/index.php?rest_route=\/wp\/v2\/posts"}],"about":[{"href":"http:\/\/soldatenschicksale.de\/index.php?rest_route=\/wp\/v2\/types\/post"}],"author":[{"embeddable":true,"href":"http:\/\/soldatenschicksale.de\/index.php?rest_route=\/wp\/v2\/users\/2"}],"replies":[{"embeddable":true,"href":"http:\/\/soldatenschicksale.de\/index.php?rest_route=%2Fwp%2Fv2%2Fcomments&post=1982"}],"version-history":[{"count":0,"href":"http:\/\/soldatenschicksale.de\/index.php?rest_route=\/wp\/v2\/posts\/1982\/revisions"}],"wp:attachment":[{"href":"http:\/\/soldatenschicksale.de\/index.php?rest_route=%2Fwp%2Fv2%2Fmedia&parent=1982"}],"wp:term":[{"taxonomy":"category","embeddable":true,"href":"http:\/\/soldatenschicksale.de\/index.php?rest_route=%2Fwp%2Fv2%2Fcategories&post=1982"},{"taxonomy":"post_tag","embeddable":true,"href":"http:\/\/soldatenschicksale.de\/index.php?rest_route=%2Fwp%2Fv2%2Ftags&post=1982"}],"curies":[{"name":"wp","href":"https:\/\/api.w.org\/{rel}","templated":true}]}}