{"id":2000,"date":"2024-08-28T00:00:13","date_gmt":"2024-08-27T23:00:13","guid":{"rendered":"http:\/\/soldatenschicksale.de\/?p=2000"},"modified":"2024-08-15T14:57:56","modified_gmt":"2024-08-15T13:57:56","slug":"soldatenschicksale-des-2-weltkrieges-teil-16-dimitri-kamenko","status":"publish","type":"post","link":"http:\/\/soldatenschicksale.de\/?p=2000","title":{"rendered":"Soldatenschicksale des 2. Weltkrieges Teil 16: Dimitri Kamenko"},"content":{"rendered":"<p>Auf dem Alten Friedhof in der saarl\u00e4ndischen Landeshauptstadt Saarbr\u00fccken befindet sich das Grab von Dimitri Kamenko, der am\u00a0 02.12.1944 starb. Wieso er hier begraben ist, woher er stammt, wo er k\u00e4mpfte und wie er starb ist nicht zu ermitteln. Vermutlich k\u00e4mpfte er als Osteurop\u00e4er in den Reihen der deutschen Wehrmacht.<\/p>\n<p>Man begrub Dimitri Kamenko auf dem Friedhof <span data-sheets-root=\"1\"><a class=\"in-cell-link\" href=\"https:\/\/de.wikipedia.org\/wiki\/Alter_Friedhof_Alt-Saarbr%C3%BCcken\" target=\"_blank\" rel=\"noopener\">Alter Friedhof Alt-Saarbr\u00fccken<\/a><\/span> in Block 4.<\/p>\n<figure id=\"attachment_1976\" aria-describedby=\"caption-attachment-1976\" style=\"width: 573px\" class=\"wp-caption aligncenter\"><img loading=\"lazy\" decoding=\"async\" class=\"size-full wp-image-1976\" src=\"http:\/\/soldatenschicksale.de\/wp-content\/uploads\/2024\/08\/Dimitri-Kamenko.jpg\" alt=\"\" width=\"573\" height=\"800\" srcset=\"http:\/\/soldatenschicksale.de\/wp-content\/uploads\/2024\/08\/Dimitri-Kamenko.jpg 573w, http:\/\/soldatenschicksale.de\/wp-content\/uploads\/2024\/08\/Dimitri-Kamenko-215x300.jpg 215w\" sizes=\"auto, (max-width: 573px) 85vw, 573px\" \/><figcaption id=\"caption-attachment-1976\" class=\"wp-caption-text\">Grab f\u00fcr Dimitri Kamenko auf dem Saarbr\u00fccker Friedhof Alt-Saarbr\u00fccken<\/figcaption><\/figure>\n","protected":false},"excerpt":{"rendered":"<p>Auf dem Alten Friedhof in der saarl\u00e4ndischen Landeshauptstadt Saarbr\u00fccken befindet sich das Grab von Dimitri Kamenko, der am\u00a0 02.12.1944 starb. Wieso er hier begraben ist, woher er stammt, wo er k\u00e4mpfte und wie er starb ist nicht zu ermitteln. Vermutlich k\u00e4mpfte er als Osteurop\u00e4er in den Reihen der deutschen Wehrmacht. Man begrub Dimitri Kamenko auf &hellip; <a href=\"http:\/\/soldatenschicksale.de\/?p=2000\" class=\"more-link\"><span class=\"screen-reader-text\">\u201eSoldatenschicksale des 2. Weltkrieges Teil 16: Dimitri Kamenko\u201c <\/span>weiterlesen<\/a><\/p>\n","protected":false},"author":2,"featured_media":0,"comment_status":"closed","ping_status":"open","sticky":false,"template":"","format":"standard","meta":{"footnotes":"","_wp_rev_ctl_limit":""},"categories":[1008],"tags":[1069,1006,1090,230,229,14,1091],"class_list":["post-2000","post","type-post","status-publish","format-standard","hentry","category-2-weltkrieg","tag-alter-friedhof-alt-saarbruecken","tag-landeshauptstadt","tag-osteuropaeer","tag-saarbruecken","tag-saarland","tag-wehrmacht","tag-zweiter-weltkrieg"],"_links":{"self":[{"href":"http:\/\/soldatenschicksale.de\/index.php?rest_route=\/wp\/v2\/posts\/2000","targetHints":{"allow":["GET"]}}],"collection":[{"href":"http:\/\/soldatenschicksale.de\/index.php?rest_route=\/wp\/v2\/posts"}],"about":[{"href":"http:\/\/soldatenschicksale.de\/index.php?rest_route=\/wp\/v2\/types\/post"}],"author":[{"embeddable":true,"href":"http:\/\/soldatenschicksale.de\/index.php?rest_route=\/wp\/v2\/users\/2"}],"replies":[{"embeddable":true,"href":"http:\/\/soldatenschicksale.de\/index.php?rest_route=%2Fwp%2Fv2%2Fcomments&post=2000"}],"version-history":[{"count":0,"href":"http:\/\/soldatenschicksale.de\/index.php?rest_route=\/wp\/v2\/posts\/2000\/revisions"}],"wp:attachment":[{"href":"http:\/\/soldatenschicksale.de\/index.php?rest_route=%2Fwp%2Fv2%2Fmedia&parent=2000"}],"wp:term":[{"taxonomy":"category","embeddable":true,"href":"http:\/\/soldatenschicksale.de\/index.php?rest_route=%2Fwp%2Fv2%2Fcategories&post=2000"},{"taxonomy":"post_tag","embeddable":true,"href":"http:\/\/soldatenschicksale.de\/index.php?rest_route=%2Fwp%2Fv2%2Ftags&post=2000"}],"curies":[{"name":"wp","href":"https:\/\/api.w.org\/{rel}","templated":true}]}}