{"id":2115,"date":"2024-09-10T00:00:32","date_gmt":"2024-09-09T22:00:32","guid":{"rendered":"http:\/\/soldatenschicksale.de\/?p=2115"},"modified":"2024-08-21T08:05:57","modified_gmt":"2024-08-21T06:05:57","slug":"soldatenschicksale-des-1-weltkrieges-teil-29-alfred-mueller","status":"publish","type":"post","link":"http:\/\/soldatenschicksale.de\/?p=2115","title":{"rendered":"Soldatenschicksale des 1. Weltkrieges Teil 29: Alfred M\u00fcller"},"content":{"rendered":"<p>Der Soldat Alfred M\u00fcller k\u00e4mpfte im Ersten Weltkrieg als Infanterist im 1. Rekruten-Depot des 2. Ersatz-Bataillons im 30. Infanterie-Regiment. Am 16.08.1915 verstarb er im Reserve-Lazarett <a href=\"https:\/\/de.wikipedia.org\/wiki\/Saarlouis\" target=\"_blank\" rel=\"noopener\">Saarlouis<\/a> an einer Krankheit.<\/p>\n<p>Man begrub Alfred M\u00fcller auf dem <span data-sheets-root=\"1\"><a class=\"in-cell-link\" href=\"https:\/\/de.wikipedia.org\/wiki\/Alter_Friedhof_Saarlouis\" target=\"_blank\" rel=\"noopener\">Garnisons-Friedhof Saarlouis<\/a><\/span> in <span data-sheets-root=\"1\">Block 1, Reihe 4, Grab 41.<\/span><\/p>\n<figure id=\"attachment_2093\" aria-describedby=\"caption-attachment-2093\" style=\"width: 693px\" class=\"wp-caption aligncenter\"><img loading=\"lazy\" decoding=\"async\" class=\"size-full wp-image-2093\" src=\"http:\/\/soldatenschicksale.de\/wp-content\/uploads\/2024\/08\/Alfred-Mueller.jpg\" alt=\"\" width=\"693\" height=\"800\" srcset=\"http:\/\/soldatenschicksale.de\/wp-content\/uploads\/2024\/08\/Alfred-Mueller.jpg 693w, http:\/\/soldatenschicksale.de\/wp-content\/uploads\/2024\/08\/Alfred-Mueller-260x300.jpg 260w\" sizes=\"auto, (max-width: 709px) 85vw, (max-width: 909px) 67vw, (max-width: 984px) 61vw, (max-width: 1362px) 45vw, 600px\" \/><figcaption id=\"caption-attachment-2093\" class=\"wp-caption-text\">Grab von Alfred M\u00fcller auf dem Garnisonsfriedhof Saarlouis<\/figcaption><\/figure>\n","protected":false},"excerpt":{"rendered":"<p>Der Soldat Alfred M\u00fcller k\u00e4mpfte im Ersten Weltkrieg als Infanterist im 1. Rekruten-Depot des 2. Ersatz-Bataillons im 30. Infanterie-Regiment. Am 16.08.1915 verstarb er im Reserve-Lazarett Saarlouis an einer Krankheit. Man begrub Alfred M\u00fcller auf dem Garnisons-Friedhof Saarlouis in Block 1, Reihe 4, Grab 41.<\/p>\n","protected":false},"author":2,"featured_media":0,"comment_status":"closed","ping_status":"open","sticky":false,"template":"","format":"standard","meta":{"footnotes":"","_wp_rev_ctl_limit":""},"categories":[1007],"tags":[1108,1107,1097,178,1109,229,1100],"class_list":["post-2115","post","type-post","status-publish","format-standard","hentry","category-1-weltkrieg","tag-30-infanterie-regiment","tag-garnisons-friedhof-saarlouis","tag-garnisonsfriedhof-saarlouis","tag-krankheit","tag-reserve-lazarett-saarlouis","tag-saarland","tag-saarlouis"],"_links":{"self":[{"href":"http:\/\/soldatenschicksale.de\/index.php?rest_route=\/wp\/v2\/posts\/2115","targetHints":{"allow":["GET"]}}],"collection":[{"href":"http:\/\/soldatenschicksale.de\/index.php?rest_route=\/wp\/v2\/posts"}],"about":[{"href":"http:\/\/soldatenschicksale.de\/index.php?rest_route=\/wp\/v2\/types\/post"}],"author":[{"embeddable":true,"href":"http:\/\/soldatenschicksale.de\/index.php?rest_route=\/wp\/v2\/users\/2"}],"replies":[{"embeddable":true,"href":"http:\/\/soldatenschicksale.de\/index.php?rest_route=%2Fwp%2Fv2%2Fcomments&post=2115"}],"version-history":[{"count":1,"href":"http:\/\/soldatenschicksale.de\/index.php?rest_route=\/wp\/v2\/posts\/2115\/revisions"}],"predecessor-version":[{"id":2368,"href":"http:\/\/soldatenschicksale.de\/index.php?rest_route=\/wp\/v2\/posts\/2115\/revisions\/2368"}],"wp:attachment":[{"href":"http:\/\/soldatenschicksale.de\/index.php?rest_route=%2Fwp%2Fv2%2Fmedia&parent=2115"}],"wp:term":[{"taxonomy":"category","embeddable":true,"href":"http:\/\/soldatenschicksale.de\/index.php?rest_route=%2Fwp%2Fv2%2Fcategories&post=2115"},{"taxonomy":"post_tag","embeddable":true,"href":"http:\/\/soldatenschicksale.de\/index.php?rest_route=%2Fwp%2Fv2%2Ftags&post=2115"}],"curies":[{"name":"wp","href":"https:\/\/api.w.org\/{rel}","templated":true}]}}