{"id":2413,"date":"2024-10-15T00:00:22","date_gmt":"2024-10-14T22:00:22","guid":{"rendered":"http:\/\/soldatenschicksale.de\/?p=2413"},"modified":"2024-09-16T19:40:33","modified_gmt":"2024-09-16T17:40:33","slug":"soldatenschicksale-des-1-weltkrieges-teil-63-fr-giers","status":"publish","type":"post","link":"http:\/\/soldatenschicksale.de\/?p=2413","title":{"rendered":"Soldatenschicksale des 1. Weltkrieges Teil 63: Fr. Giers"},"content":{"rendered":"<p>Der Soldat Fr. Giers k\u00e4mpfte im Ersten Weltkrieg als J\u00e4ger im deutschen Milit\u00e4r. Am 01.11.1918 verstarb er vermutlich krankheitsbedingt in einem Lazarett in der saarl\u00e4ndischen Stadt <a href=\"https:\/\/en.wikipedia.org\/wiki\/Saarlouis\" target=\"_blank\" rel=\"noopener\">Saarlouis<\/a>.<\/p>\n<p>Man begrub Fr. Giers auf dem <span data-sheets-root=\"1\"><a class=\"in-cell-link\" href=\"https:\/\/de.wikipedia.org\/wiki\/Alter_Friedhof_Saarlouis\" target=\"_blank\" rel=\"noopener\">Garnisons-Friedhof Saarlouis<\/a><\/span> in <span data-sheets-root=\"1\">Block 3 Reihe 1 Grab 107.<\/span><\/p>\n<figure id=\"attachment_2289\" aria-describedby=\"caption-attachment-2289\" style=\"width: 615px\" class=\"wp-caption aligncenter\"><img loading=\"lazy\" decoding=\"async\" class=\"size-full wp-image-2289\" src=\"http:\/\/soldatenschicksale.de\/wp-content\/uploads\/2024\/09\/Fr.-Giers.jpg\" alt=\"\" width=\"615\" height=\"800\" srcset=\"http:\/\/soldatenschicksale.de\/wp-content\/uploads\/2024\/09\/Fr.-Giers.jpg 615w, http:\/\/soldatenschicksale.de\/wp-content\/uploads\/2024\/09\/Fr.-Giers-231x300.jpg 231w\" sizes=\"auto, (max-width: 709px) 85vw, (max-width: 909px) 67vw, (max-width: 984px) 61vw, (max-width: 1362px) 45vw, 600px\" \/><figcaption id=\"caption-attachment-2289\" class=\"wp-caption-text\">Das Grab von Fr. Giers auf dem Garnisonsfriedhof Saarlouis<\/figcaption><\/figure>\n","protected":false},"excerpt":{"rendered":"<p>Der Soldat Fr. Giers k\u00e4mpfte im Ersten Weltkrieg als J\u00e4ger im deutschen Milit\u00e4r. Am 01.11.1918 verstarb er vermutlich krankheitsbedingt in einem Lazarett in der saarl\u00e4ndischen Stadt Saarlouis. Man begrub Fr. Giers auf dem Garnisons-Friedhof Saarlouis in Block 3 Reihe 1 Grab 107.<\/p>\n","protected":false},"author":2,"featured_media":0,"comment_status":"closed","ping_status":"open","sticky":false,"template":"","format":"standard","meta":{"footnotes":"","_wp_rev_ctl_limit":""},"categories":[1007],"tags":[1107,1097,155,178,1109,229,1100],"class_list":["post-2413","post","type-post","status-publish","format-standard","hentry","category-1-weltkrieg","tag-garnisons-friedhof-saarlouis","tag-garnisonsfriedhof-saarlouis","tag-jaeger","tag-krankheit","tag-reserve-lazarett-saarlouis","tag-saarland","tag-saarlouis"],"_links":{"self":[{"href":"http:\/\/soldatenschicksale.de\/index.php?rest_route=\/wp\/v2\/posts\/2413","targetHints":{"allow":["GET"]}}],"collection":[{"href":"http:\/\/soldatenschicksale.de\/index.php?rest_route=\/wp\/v2\/posts"}],"about":[{"href":"http:\/\/soldatenschicksale.de\/index.php?rest_route=\/wp\/v2\/types\/post"}],"author":[{"embeddable":true,"href":"http:\/\/soldatenschicksale.de\/index.php?rest_route=\/wp\/v2\/users\/2"}],"replies":[{"embeddable":true,"href":"http:\/\/soldatenschicksale.de\/index.php?rest_route=%2Fwp%2Fv2%2Fcomments&post=2413"}],"version-history":[{"count":3,"href":"http:\/\/soldatenschicksale.de\/index.php?rest_route=\/wp\/v2\/posts\/2413\/revisions"}],"predecessor-version":[{"id":2416,"href":"http:\/\/soldatenschicksale.de\/index.php?rest_route=\/wp\/v2\/posts\/2413\/revisions\/2416"}],"wp:attachment":[{"href":"http:\/\/soldatenschicksale.de\/index.php?rest_route=%2Fwp%2Fv2%2Fmedia&parent=2413"}],"wp:term":[{"taxonomy":"category","embeddable":true,"href":"http:\/\/soldatenschicksale.de\/index.php?rest_route=%2Fwp%2Fv2%2Fcategories&post=2413"},{"taxonomy":"post_tag","embeddable":true,"href":"http:\/\/soldatenschicksale.de\/index.php?rest_route=%2Fwp%2Fv2%2Ftags&post=2413"}],"curies":[{"name":"wp","href":"https:\/\/api.w.org\/{rel}","templated":true}]}}