{"id":2425,"date":"2024-09-18T12:00:48","date_gmt":"2024-09-18T10:00:48","guid":{"rendered":"http:\/\/soldatenschicksale.de\/?p=2425"},"modified":"2024-09-17T19:28:52","modified_gmt":"2024-09-17T17:28:52","slug":"soldatenschicksale-des-1-weltkrieges-sonderbeitrag-wilhelm-walter","status":"publish","type":"post","link":"http:\/\/soldatenschicksale.de\/?p=2425","title":{"rendered":"Soldatenschicksale des 1. Weltkrieges &#8211; Sonderbeitrag: Wilhelm Walter"},"content":{"rendered":"<p>Der Soldat Wilhelm Walter wurde am 03.04.1889 in der hessischen Gemeinde <a href=\"https:\/\/de.wikipedia.org\/wiki\/Gro%C3%9Fen-Buseck\" target=\"_blank\" rel=\"noopener\">Gro\u00dfen-Buseck<\/a> geboren. Im Ersten Weltkrieg k\u00e4mpfte er zun\u00e4chst im 116. Reserve-Infanterie-Regiment und wurde verwundet. Sp\u00e4ter wurde er in der 3. Kompanie des 36. Landwehr-Infanterie-Regiments eingesetzt. Am 17.04.1918 fiel er im Alter von 29 Jahren bei <a href=\"https:\/\/de.wikipedia.org\/wiki\/Volckerinckhove\" target=\"_blank\" rel=\"noopener\">Volckerinckhove<\/a> in Franz\u00f6sisch-Flandern.<\/p>\n<p>Es k\u00f6nnte sein, dass Wilhelm Walters Leichnam in die Heimat \u00fcberf\u00fchrt und auf dem u. a. Grab auf dem Gemeindefriedhof von Alten-Buseck beigesetzt wurde.<\/p>\n<p>In seiner Heimatgemeinde Gro\u00dfen-Buseck gedenkt man Wilhelm Walter noch heute auf einem Denkmal: <a href=\"http:\/\/www.denkmalprojekt.org\/2018\/grossen-buseck_lk-giessen_wk1_wk2_hs.html\" target=\"_blank\" rel=\"noopener\">http:\/\/www.denkmalprojekt.org\/2018\/grossen-buseck_lk-giessen_wk1_wk2_hs.html<\/a><\/p>\n<p><img loading=\"lazy\" decoding=\"async\" class=\"aligncenter size-full wp-image-2426\" src=\"http:\/\/soldatenschicksale.de\/wp-content\/uploads\/2024\/09\/Wilhelm-Walter-1.jpg\" alt=\"\" width=\"800\" height=\"360\" srcset=\"http:\/\/soldatenschicksale.de\/wp-content\/uploads\/2024\/09\/Wilhelm-Walter-1.jpg 800w, http:\/\/soldatenschicksale.de\/wp-content\/uploads\/2024\/09\/Wilhelm-Walter-1-300x135.jpg 300w, http:\/\/soldatenschicksale.de\/wp-content\/uploads\/2024\/09\/Wilhelm-Walter-1-768x346.jpg 768w\" sizes=\"auto, (max-width: 709px) 85vw, (max-width: 909px) 67vw, (max-width: 984px) 61vw, (max-width: 1362px) 45vw, 600px\" \/> <img loading=\"lazy\" decoding=\"async\" class=\"aligncenter size-full wp-image-2427\" src=\"http:\/\/soldatenschicksale.de\/wp-content\/uploads\/2024\/09\/Wilhelm-Walter-2.jpg\" alt=\"\" width=\"800\" height=\"389\" srcset=\"http:\/\/soldatenschicksale.de\/wp-content\/uploads\/2024\/09\/Wilhelm-Walter-2.jpg 800w, http:\/\/soldatenschicksale.de\/wp-content\/uploads\/2024\/09\/Wilhelm-Walter-2-300x146.jpg 300w, http:\/\/soldatenschicksale.de\/wp-content\/uploads\/2024\/09\/Wilhelm-Walter-2-768x373.jpg 768w\" sizes=\"auto, (max-width: 709px) 85vw, (max-width: 909px) 67vw, (max-width: 984px) 61vw, (max-width: 1362px) 45vw, 600px\" \/><\/p>\n","protected":false},"excerpt":{"rendered":"<p>Der Soldat Wilhelm Walter wurde am 03.04.1889 in der hessischen Gemeinde Gro\u00dfen-Buseck geboren. Im Ersten Weltkrieg k\u00e4mpfte er zun\u00e4chst im 116. Reserve-Infanterie-Regiment und wurde verwundet. Sp\u00e4ter wurde er in der 3. Kompanie des 36. Landwehr-Infanterie-Regiments eingesetzt. Am 17.04.1918 fiel er im Alter von 29 Jahren bei Volckerinckhove in Franz\u00f6sisch-Flandern. Es k\u00f6nnte sein, dass Wilhelm Walters &hellip; <a href=\"http:\/\/soldatenschicksale.de\/?p=2425\" class=\"more-link\"><span class=\"screen-reader-text\">\u201eSoldatenschicksale des 1. Weltkrieges &#8211; Sonderbeitrag: Wilhelm Walter\u201c <\/span>weiterlesen<\/a><\/p>\n","protected":false},"author":2,"featured_media":0,"comment_status":"closed","ping_status":"open","sticky":false,"template":"","format":"standard","meta":{"footnotes":"","_wp_rev_ctl_limit":""},"categories":[1007],"tags":[1228,1229,30,1230,971,464,1062,1231],"class_list":["post-2425","post","type-post","status-publish","format-standard","hentry","category-1-weltkrieg","tag-116-reserve-infanterie-regiment","tag-36-landwehr-infanterie-regiment","tag-denkmal","tag-franzoesisch-flandern","tag-grossen-buseck","tag-hessen","tag-ueberfuehrung","tag-volckerinckhove"],"_links":{"self":[{"href":"http:\/\/soldatenschicksale.de\/index.php?rest_route=\/wp\/v2\/posts\/2425","targetHints":{"allow":["GET"]}}],"collection":[{"href":"http:\/\/soldatenschicksale.de\/index.php?rest_route=\/wp\/v2\/posts"}],"about":[{"href":"http:\/\/soldatenschicksale.de\/index.php?rest_route=\/wp\/v2\/types\/post"}],"author":[{"embeddable":true,"href":"http:\/\/soldatenschicksale.de\/index.php?rest_route=\/wp\/v2\/users\/2"}],"replies":[{"embeddable":true,"href":"http:\/\/soldatenschicksale.de\/index.php?rest_route=%2Fwp%2Fv2%2Fcomments&post=2425"}],"version-history":[{"count":3,"href":"http:\/\/soldatenschicksale.de\/index.php?rest_route=\/wp\/v2\/posts\/2425\/revisions"}],"predecessor-version":[{"id":2430,"href":"http:\/\/soldatenschicksale.de\/index.php?rest_route=\/wp\/v2\/posts\/2425\/revisions\/2430"}],"wp:attachment":[{"href":"http:\/\/soldatenschicksale.de\/index.php?rest_route=%2Fwp%2Fv2%2Fmedia&parent=2425"}],"wp:term":[{"taxonomy":"category","embeddable":true,"href":"http:\/\/soldatenschicksale.de\/index.php?rest_route=%2Fwp%2Fv2%2Fcategories&post=2425"},{"taxonomy":"post_tag","embeddable":true,"href":"http:\/\/soldatenschicksale.de\/index.php?rest_route=%2Fwp%2Fv2%2Ftags&post=2425"}],"curies":[{"name":"wp","href":"https:\/\/api.w.org\/{rel}","templated":true}]}}