{"id":248,"date":"2021-01-18T00:00:53","date_gmt":"2021-01-17T23:00:53","guid":{"rendered":"http:\/\/soldatenschicksale.de\/?p=248"},"modified":"2021-01-08T09:56:09","modified_gmt":"2021-01-08T08:56:09","slug":"soldatenschicksale-des-2-weltkrieges-teil-27-markus-eder","status":"publish","type":"post","link":"http:\/\/soldatenschicksale.de\/?p=248","title":{"rendered":"Soldatenschicksale des 2. Weltkrieges Teil 27: Markus Eder"},"content":{"rendered":"<p>Der Soldat Markus Eder wurde am 07.04.1912 in <a href=\"https:\/\/de.wikipedia.org\/wiki\/Bernbeuren\" target=\"_blank\" rel=\"noopener\">Bernbeuren<\/a> in Bayern geboren. Er wurde nach dem Abitur Herz-Jesu-Missionar und studierte katholische Theologie. Am 11.07.1937 wurde er zum Priester geweiht. Er arbeitete als Pater in der Jugendarbeit.<\/p>\n<p>Am 02.11.1942 wurde er als Sanit\u00e4ter in die Wehrmacht einberufen. Am 24.02.1945 wurde er bei den R\u00fcckzugsgefechten in Ostpreu\u00dfen schwer verwundet. Man verlegte ihn in das Josefs-Hospital in <a href=\"https:\/\/de.wikipedia.org\/wiki\/Kopenhagen\" target=\"_blank\" rel=\"noopener\">Kopenhagen<\/a>, wo man ihm den rechten Arm amputieren musste. Er zog sich eine Entz\u00fcndung des H\u00fcftgelenks zu, da er sehr geschw\u00e4cht war. Am 27.09.1945 verstarb er nach zwei Jahren Kriegsdienst im Alter von 33 Jahren an seiner Verwundung.<\/p>\n<p>Man begrub Markus Eder auf dem Friedhof des St. Josefs-Hospital unter den verstorbenen Priestern der Stadt. Das Grab d\u00fcrfte noch heute existieren.<\/p>\n<figure id=\"attachment_240\" aria-describedby=\"caption-attachment-240\" style=\"width: 800px\" class=\"wp-caption aligncenter\"><img loading=\"lazy\" decoding=\"async\" class=\"size-full wp-image-240\" src=\"http:\/\/soldatenschicksale.de\/wp-content\/uploads\/2021\/01\/Markus-Eder-vorne.jpg\" alt=\"\" width=\"800\" height=\"686\" srcset=\"http:\/\/soldatenschicksale.de\/wp-content\/uploads\/2021\/01\/Markus-Eder-vorne.jpg 800w, http:\/\/soldatenschicksale.de\/wp-content\/uploads\/2021\/01\/Markus-Eder-vorne-300x257.jpg 300w, http:\/\/soldatenschicksale.de\/wp-content\/uploads\/2021\/01\/Markus-Eder-vorne-768x659.jpg 768w\" sizes=\"auto, (max-width: 709px) 85vw, (max-width: 909px) 67vw, (max-width: 984px) 61vw, (max-width: 1362px) 45vw, 600px\" \/><figcaption id=\"caption-attachment-240\" class=\"wp-caption-text\">Sterbebild von Markus Eder<\/figcaption><\/figure>\n<figure id=\"attachment_239\" aria-describedby=\"caption-attachment-239\" style=\"width: 800px\" class=\"wp-caption aligncenter\"><img loading=\"lazy\" decoding=\"async\" class=\"size-full wp-image-239\" src=\"http:\/\/soldatenschicksale.de\/wp-content\/uploads\/2021\/01\/Markus-Eder-hinten.jpg\" alt=\"\" width=\"800\" height=\"686\" srcset=\"http:\/\/soldatenschicksale.de\/wp-content\/uploads\/2021\/01\/Markus-Eder-hinten.jpg 800w, http:\/\/soldatenschicksale.de\/wp-content\/uploads\/2021\/01\/Markus-Eder-hinten-300x257.jpg 300w, http:\/\/soldatenschicksale.de\/wp-content\/uploads\/2021\/01\/Markus-Eder-hinten-768x659.jpg 768w\" sizes=\"auto, (max-width: 709px) 85vw, (max-width: 909px) 67vw, (max-width: 984px) 61vw, (max-width: 1362px) 45vw, 600px\" \/><figcaption id=\"caption-attachment-239\" class=\"wp-caption-text\">R\u00fcckseite des Sterbebildes von Markus Eder<\/figcaption><\/figure>\n","protected":false},"excerpt":{"rendered":"<p>Der Soldat Markus Eder wurde am 07.04.1912 in Bernbeuren in Bayern geboren. Er wurde nach dem Abitur Herz-Jesu-Missionar und studierte katholische Theologie. Am 11.07.1937 wurde er zum Priester geweiht. Er arbeitete als Pater in der Jugendarbeit. Am 02.11.1942 wurde er als Sanit\u00e4ter in die Wehrmacht einberufen. Am 24.02.1945 wurde er bei den R\u00fcckzugsgefechten in Ostpreu\u00dfen &hellip; <a href=\"http:\/\/soldatenschicksale.de\/?p=248\" class=\"more-link\"><span class=\"screen-reader-text\">\u201eSoldatenschicksale des 2. Weltkrieges Teil 27: Markus Eder\u201c <\/span>weiterlesen<\/a><\/p>\n","protected":false},"author":2,"featured_media":0,"comment_status":"closed","ping_status":"open","sticky":false,"template":"","format":"standard","meta":{"footnotes":"","_wp_rev_ctl_limit":""},"categories":[4,31],"tags":[21,157,167,158,159,161,166,164,8,162,163,165,160,14],"class_list":["post-248","post","type-post","status-publish","format-standard","hentry","category-ostfront","category-russland","tag-bayern","tag-bernbeuren","tag-daenemark","tag-herz-jesu-missionar","tag-jugendarbeit","tag-katholische-theologie","tag-kopenhagen","tag-ostpreussen","tag-pater","tag-priesterweihe","tag-sanitaeter","tag-schwere-verwundung","tag-studium","tag-wehrmacht"],"_links":{"self":[{"href":"http:\/\/soldatenschicksale.de\/index.php?rest_route=\/wp\/v2\/posts\/248","targetHints":{"allow":["GET"]}}],"collection":[{"href":"http:\/\/soldatenschicksale.de\/index.php?rest_route=\/wp\/v2\/posts"}],"about":[{"href":"http:\/\/soldatenschicksale.de\/index.php?rest_route=\/wp\/v2\/types\/post"}],"author":[{"embeddable":true,"href":"http:\/\/soldatenschicksale.de\/index.php?rest_route=\/wp\/v2\/users\/2"}],"replies":[{"embeddable":true,"href":"http:\/\/soldatenschicksale.de\/index.php?rest_route=%2Fwp%2Fv2%2Fcomments&post=248"}],"version-history":[{"count":0,"href":"http:\/\/soldatenschicksale.de\/index.php?rest_route=\/wp\/v2\/posts\/248\/revisions"}],"wp:attachment":[{"href":"http:\/\/soldatenschicksale.de\/index.php?rest_route=%2Fwp%2Fv2%2Fmedia&parent=248"}],"wp:term":[{"taxonomy":"category","embeddable":true,"href":"http:\/\/soldatenschicksale.de\/index.php?rest_route=%2Fwp%2Fv2%2Fcategories&post=248"},{"taxonomy":"post_tag","embeddable":true,"href":"http:\/\/soldatenschicksale.de\/index.php?rest_route=%2Fwp%2Fv2%2Ftags&post=248"}],"curies":[{"name":"wp","href":"https:\/\/api.w.org\/{rel}","templated":true}]}}