{"id":2694,"date":"2024-11-29T00:00:56","date_gmt":"2024-11-28T23:00:56","guid":{"rendered":"http:\/\/soldatenschicksale.de\/?p=2694"},"modified":"2024-11-09T08:49:23","modified_gmt":"2024-11-09T07:49:23","slug":"soldatenschicksale-des-1-weltkrieges-teil-99-karl-semmler","status":"publish","type":"post","link":"http:\/\/soldatenschicksale.de\/?p=2694","title":{"rendered":"Soldatenschicksale des 1. Weltkrieges Teil 99: Karl Semmler"},"content":{"rendered":"<p>Der Soldat Karl <span data-sheets-root=\"1\">Semmler (Verlustliste: &#8222;Semler&#8220;) wurde am 04.01.1870 in der hessischen Stadt <a href=\"https:\/\/de.wikipedia.org\/wiki\/Gr%C3%BCnberg_(Hessen)\" target=\"_blank\" rel=\"noopener\">Gr\u00fcnberg<\/a> geboren. Im Ersten Weltkrieg k\u00e4mpfte er als Unteroffizier in der 8. Kompanie des 4. Hessischen Landsturm-Bataillons. Am 27.11.1914 wurde er bei <a href=\"https:\/\/de.wikipedia.org\/wiki\/Gi%C5%BCycko\" target=\"_blank\" rel=\"noopener\">L\u00f6tzen<\/a> (seit 1945 polnisch: Gi\u017cycko) schwer verwundet. Am 03.01.1915 verstarb er im Alter von 44 Jahren in einem Lazarett in <a href=\"https:\/\/de.wikipedia.org\/wiki\/Kiel\" target=\"_blank\" rel=\"noopener\">Kiel<\/a>.<\/span><\/p>\n<p>Man begrub Karl Semmler nach \u00dcberf\u00fchrung seines Leichnams in die Heimat auf dem <span data-sheets-root=\"1\"><a class=\"in-cell-link\" href=\"https:\/\/maps.app.goo.gl\/ifbtMkg29TJG19un8\" target=\"_blank\" rel=\"noopener\">Alten Friedhof Gr\u00fcnberg<\/a>.<\/span><\/p>\n<figure id=\"attachment_2680\" aria-describedby=\"caption-attachment-2680\" style=\"width: 544px\" class=\"wp-caption aligncenter\"><img loading=\"lazy\" decoding=\"async\" class=\"size-full wp-image-2680\" src=\"http:\/\/soldatenschicksale.de\/wp-content\/uploads\/2024\/11\/Karl-Semmler.jpg\" alt=\"\" width=\"544\" height=\"800\" srcset=\"http:\/\/soldatenschicksale.de\/wp-content\/uploads\/2024\/11\/Karl-Semmler.jpg 544w, http:\/\/soldatenschicksale.de\/wp-content\/uploads\/2024\/11\/Karl-Semmler-204x300.jpg 204w\" sizes=\"auto, (max-width: 544px) 85vw, 544px\" \/><figcaption id=\"caption-attachment-2680\" class=\"wp-caption-text\">Grab von Karl Semmler auf dem Alten Friedhof in Gr\u00fcnberg (Hessen)<\/figcaption><\/figure>\n","protected":false},"excerpt":{"rendered":"<p>Der Soldat Karl Semmler (Verlustliste: &#8222;Semler&#8220;) wurde am 04.01.1870 in der hessischen Stadt Gr\u00fcnberg geboren. Im Ersten Weltkrieg k\u00e4mpfte er als Unteroffizier in der 8. Kompanie des 4. Hessischen Landsturm-Bataillons. Am 27.11.1914 wurde er bei L\u00f6tzen (seit 1945 polnisch: Gi\u017cycko) schwer verwundet. Am 03.01.1915 verstarb er im Alter von 44 Jahren in einem Lazarett in &hellip; <a href=\"http:\/\/soldatenschicksale.de\/?p=2694\" class=\"more-link\"><span class=\"screen-reader-text\">\u201eSoldatenschicksale des 1. Weltkrieges Teil 99: Karl Semmler\u201c <\/span>weiterlesen<\/a><\/p>\n","protected":false},"author":2,"featured_media":0,"comment_status":"closed","ping_status":"open","sticky":false,"template":"","format":"standard","meta":{"footnotes":"","_wp_rev_ctl_limit":""},"categories":[1007,4,234,31],"tags":[1334,1324,1338,1302,464,1336,170,1335,12,203,1337,1062,100],"class_list":["post-2694","post","type-post","status-publish","format-standard","hentry","category-1-weltkrieg","category-ostfront","category-polen","category-russland","tag-4-hessisches-landsturm-bataillon","tag-alten-friedhof-gruenberg","tag-gizycko","tag-gruenberg","tag-hessen","tag-kiel","tag-lazarett","tag-loetzen","tag-ostfront","tag-polen","tag-schleswig-holstein","tag-ueberfuehrung","tag-unteroffizier"],"_links":{"self":[{"href":"http:\/\/soldatenschicksale.de\/index.php?rest_route=\/wp\/v2\/posts\/2694","targetHints":{"allow":["GET"]}}],"collection":[{"href":"http:\/\/soldatenschicksale.de\/index.php?rest_route=\/wp\/v2\/posts"}],"about":[{"href":"http:\/\/soldatenschicksale.de\/index.php?rest_route=\/wp\/v2\/types\/post"}],"author":[{"embeddable":true,"href":"http:\/\/soldatenschicksale.de\/index.php?rest_route=\/wp\/v2\/users\/2"}],"replies":[{"embeddable":true,"href":"http:\/\/soldatenschicksale.de\/index.php?rest_route=%2Fwp%2Fv2%2Fcomments&post=2694"}],"version-history":[{"count":3,"href":"http:\/\/soldatenschicksale.de\/index.php?rest_route=\/wp\/v2\/posts\/2694\/revisions"}],"predecessor-version":[{"id":2698,"href":"http:\/\/soldatenschicksale.de\/index.php?rest_route=\/wp\/v2\/posts\/2694\/revisions\/2698"}],"wp:attachment":[{"href":"http:\/\/soldatenschicksale.de\/index.php?rest_route=%2Fwp%2Fv2%2Fmedia&parent=2694"}],"wp:term":[{"taxonomy":"category","embeddable":true,"href":"http:\/\/soldatenschicksale.de\/index.php?rest_route=%2Fwp%2Fv2%2Fcategories&post=2694"},{"taxonomy":"post_tag","embeddable":true,"href":"http:\/\/soldatenschicksale.de\/index.php?rest_route=%2Fwp%2Fv2%2Ftags&post=2694"}],"curies":[{"name":"wp","href":"https:\/\/api.w.org\/{rel}","templated":true}]}}