{"id":2832,"date":"2024-11-30T12:00:18","date_gmt":"2024-11-30T11:00:18","guid":{"rendered":"http:\/\/soldatenschicksale.de\/?p=2832"},"modified":"2024-11-28T19:31:14","modified_gmt":"2024-11-28T18:31:14","slug":"sonderbeitrag-julius-lazar","status":"publish","type":"post","link":"http:\/\/soldatenschicksale.de\/?p=2832","title":{"rendered":"Sonderbeitrag: Julius Lazar"},"content":{"rendered":"<p>Der j\u00fcdische Soldat Julius Lazar wurde am 23.07.1892 in der saarl\u00e4ndischen Stadt <a href=\"https:\/\/de.wikipedia.org\/wiki\/Saarlouis\" target=\"_blank\" rel=\"noopener\">Saarlouis<\/a> geboren. Im Ersten Weltkrieg k\u00e4mpfte er als Gefreiter in der 6. Kompanie des 74. Reserve-Infanterie-Regiments und wurde bei Sissonne in Frankreich schwer verwundet. Am 03.06.1917 verstarb er an seinen Wunden.<\/p>\n<p>Man begrub Julius Lazar auf dem Soldatenfriedhof <span data-sheets-root=\"1\"><a class=\"in-cell-link\" href=\"https:\/\/goo.gl\/maps\/c6rAVL6iLyy\" target=\"_blank\" rel=\"noopener\">Sissonne<\/a><\/span> in Block 1, Grab 940.<\/p>\n<figure id=\"attachment_2833\" aria-describedby=\"caption-attachment-2833\" style=\"width: 550px\" class=\"wp-caption aligncenter\"><img loading=\"lazy\" decoding=\"async\" class=\"size-full wp-image-2833\" src=\"http:\/\/soldatenschicksale.de\/wp-content\/uploads\/2024\/11\/Julius-Lazar-2.jpg\" alt=\"\" width=\"550\" height=\"443\" srcset=\"http:\/\/soldatenschicksale.de\/wp-content\/uploads\/2024\/11\/Julius-Lazar-2.jpg 550w, http:\/\/soldatenschicksale.de\/wp-content\/uploads\/2024\/11\/Julius-Lazar-2-300x242.jpg 300w\" sizes=\"auto, (max-width: 550px) 85vw, 550px\" \/><figcaption id=\"caption-attachment-2833\" class=\"wp-caption-text\">Gedenken an Julius Lazar<\/figcaption><\/figure>\n<figure id=\"attachment_2834\" aria-describedby=\"caption-attachment-2834\" style=\"width: 360px\" class=\"wp-caption aligncenter\"><img loading=\"lazy\" decoding=\"async\" class=\"size-full wp-image-2834\" src=\"http:\/\/soldatenschicksale.de\/wp-content\/uploads\/2024\/11\/Julius-Lazar.jpg\" alt=\"\" width=\"360\" height=\"800\" srcset=\"http:\/\/soldatenschicksale.de\/wp-content\/uploads\/2024\/11\/Julius-Lazar.jpg 360w, http:\/\/soldatenschicksale.de\/wp-content\/uploads\/2024\/11\/Julius-Lazar-135x300.jpg 135w\" sizes=\"auto, (max-width: 360px) 85vw, 360px\" \/><figcaption id=\"caption-attachment-2834\" class=\"wp-caption-text\">Grab von Erna Lazar mit der Gedenkinschrift f\u00fcr ihren Bruder Julius<\/figcaption><\/figure>\n","protected":false},"excerpt":{"rendered":"<p>Der j\u00fcdische Soldat Julius Lazar wurde am 23.07.1892 in der saarl\u00e4ndischen Stadt Saarlouis geboren. Im Ersten Weltkrieg k\u00e4mpfte er als Gefreiter in der 6. Kompanie des 74. Reserve-Infanterie-Regiments und wurde bei Sissonne in Frankreich schwer verwundet. Am 03.06.1917 verstarb er an seinen Wunden. Man begrub Julius Lazar auf dem Soldatenfriedhof Sissonne in Block 1, Grab &hellip; <a href=\"http:\/\/soldatenschicksale.de\/?p=2832\" class=\"more-link\"><span class=\"screen-reader-text\">\u201eSonderbeitrag: Julius Lazar\u201c <\/span>weiterlesen<\/a><\/p>\n","protected":false},"author":2,"featured_media":0,"comment_status":"closed","ping_status":"open","sticky":false,"template":"","format":"standard","meta":{"footnotes":"","_wp_rev_ctl_limit":""},"categories":[1007,76,75],"tags":[1365,1366,229,1100,355,1290],"class_list":["post-2832","post","type-post","status-publish","format-standard","hentry","category-1-weltkrieg","category-frankreich","category-westfront","tag-74-reserve-infanterie-regiment","tag-jude","tag-saarland","tag-saarlouis","tag-schwer-verwundet","tag-sissonne"],"_links":{"self":[{"href":"http:\/\/soldatenschicksale.de\/index.php?rest_route=\/wp\/v2\/posts\/2832","targetHints":{"allow":["GET"]}}],"collection":[{"href":"http:\/\/soldatenschicksale.de\/index.php?rest_route=\/wp\/v2\/posts"}],"about":[{"href":"http:\/\/soldatenschicksale.de\/index.php?rest_route=\/wp\/v2\/types\/post"}],"author":[{"embeddable":true,"href":"http:\/\/soldatenschicksale.de\/index.php?rest_route=\/wp\/v2\/users\/2"}],"replies":[{"embeddable":true,"href":"http:\/\/soldatenschicksale.de\/index.php?rest_route=%2Fwp%2Fv2%2Fcomments&post=2832"}],"version-history":[{"count":3,"href":"http:\/\/soldatenschicksale.de\/index.php?rest_route=\/wp\/v2\/posts\/2832\/revisions"}],"predecessor-version":[{"id":2838,"href":"http:\/\/soldatenschicksale.de\/index.php?rest_route=\/wp\/v2\/posts\/2832\/revisions\/2838"}],"wp:attachment":[{"href":"http:\/\/soldatenschicksale.de\/index.php?rest_route=%2Fwp%2Fv2%2Fmedia&parent=2832"}],"wp:term":[{"taxonomy":"category","embeddable":true,"href":"http:\/\/soldatenschicksale.de\/index.php?rest_route=%2Fwp%2Fv2%2Fcategories&post=2832"},{"taxonomy":"post_tag","embeddable":true,"href":"http:\/\/soldatenschicksale.de\/index.php?rest_route=%2Fwp%2Fv2%2Ftags&post=2832"}],"curies":[{"name":"wp","href":"https:\/\/api.w.org\/{rel}","templated":true}]}}