{"id":2944,"date":"2024-12-18T00:00:40","date_gmt":"2024-12-17T23:00:40","guid":{"rendered":"http:\/\/soldatenschicksale.de\/?p=2944"},"modified":"2024-12-10T15:36:12","modified_gmt":"2024-12-10T14:36:12","slug":"soldatenschicksale-des-1-weltkrieges-teil-118","status":"publish","type":"post","link":"http:\/\/soldatenschicksale.de\/?p=2944","title":{"rendered":"Soldatenschicksale des 1. Weltkrieges Teil 118: J. Mohr"},"content":{"rendered":"<p>Der Soldat J. Mohr k\u00e4mpfte im Ersten Weltkrieg in der 2. Kompanie des 33. F\u00fcsilier-Regiments. Am 27.04.1919 verstarb er in Folge einer Krankheit in einem Lazarett in der saarl\u00e4ndischen Stadt <a href=\"https:\/\/de.wikipedia.org\/wiki\/Saarlouis\" target=\"_blank\" rel=\"noopener\">Saarlouis<\/a>.<\/p>\n<p>Man begrub J. Mohr auf dem <span data-sheets-root=\"1\"><a class=\"in-cell-link\" href=\"https:\/\/de.wikipedia.org\/wiki\/Alter_Friedhof_Saarlouis\" target=\"_blank\" rel=\"noopener\">Garnisons-Friedhof Saarlouis<\/a><\/span> in Block 5, Reihe 3, Grab 216.<\/p>\n<figure id=\"attachment_2787\" aria-describedby=\"caption-attachment-2787\" style=\"width: 637px\" class=\"wp-caption aligncenter\"><img loading=\"lazy\" decoding=\"async\" class=\"size-full wp-image-2787\" src=\"http:\/\/soldatenschicksale.de\/wp-content\/uploads\/2024\/11\/J.-Mohr.jpg\" alt=\"\" width=\"637\" height=\"800\" srcset=\"http:\/\/soldatenschicksale.de\/wp-content\/uploads\/2024\/11\/J.-Mohr.jpg 637w, http:\/\/soldatenschicksale.de\/wp-content\/uploads\/2024\/11\/J.-Mohr-239x300.jpg 239w\" sizes=\"auto, (max-width: 709px) 85vw, (max-width: 909px) 67vw, (max-width: 984px) 61vw, (max-width: 1362px) 45vw, 600px\" \/><figcaption id=\"caption-attachment-2787\" class=\"wp-caption-text\">Das Grab von J. Mohr auf dem Garnisonsfriedhof Saarlouis<\/figcaption><\/figure>\n","protected":false},"excerpt":{"rendered":"<p>Der Soldat J. Mohr k\u00e4mpfte im Ersten Weltkrieg in der 2. Kompanie des 33. F\u00fcsilier-Regiments. Am 27.04.1919 verstarb er in Folge einer Krankheit in einem Lazarett in der saarl\u00e4ndischen Stadt Saarlouis. Man begrub J. Mohr auf dem Garnisons-Friedhof Saarlouis in Block 5, Reihe 3, Grab 216.<\/p>\n","protected":false},"author":2,"featured_media":0,"comment_status":"closed","ping_status":"open","sticky":false,"template":"","format":"standard","meta":{"footnotes":"","_wp_rev_ctl_limit":""},"categories":[1007,1320],"tags":[1402,1107,1097,178,229],"class_list":["post-2944","post","type-post","status-publish","format-standard","hentry","category-1-weltkrieg","category-krankheit","tag-33-fuesilier-regiment","tag-garnisons-friedhof-saarlouis","tag-garnisonsfriedhof-saarlouis","tag-krankheit","tag-saarland"],"_links":{"self":[{"href":"http:\/\/soldatenschicksale.de\/index.php?rest_route=\/wp\/v2\/posts\/2944","targetHints":{"allow":["GET"]}}],"collection":[{"href":"http:\/\/soldatenschicksale.de\/index.php?rest_route=\/wp\/v2\/posts"}],"about":[{"href":"http:\/\/soldatenschicksale.de\/index.php?rest_route=\/wp\/v2\/types\/post"}],"author":[{"embeddable":true,"href":"http:\/\/soldatenschicksale.de\/index.php?rest_route=\/wp\/v2\/users\/2"}],"replies":[{"embeddable":true,"href":"http:\/\/soldatenschicksale.de\/index.php?rest_route=%2Fwp%2Fv2%2Fcomments&post=2944"}],"version-history":[{"count":3,"href":"http:\/\/soldatenschicksale.de\/index.php?rest_route=\/wp\/v2\/posts\/2944\/revisions"}],"predecessor-version":[{"id":2950,"href":"http:\/\/soldatenschicksale.de\/index.php?rest_route=\/wp\/v2\/posts\/2944\/revisions\/2950"}],"wp:attachment":[{"href":"http:\/\/soldatenschicksale.de\/index.php?rest_route=%2Fwp%2Fv2%2Fmedia&parent=2944"}],"wp:term":[{"taxonomy":"category","embeddable":true,"href":"http:\/\/soldatenschicksale.de\/index.php?rest_route=%2Fwp%2Fv2%2Fcategories&post=2944"},{"taxonomy":"post_tag","embeddable":true,"href":"http:\/\/soldatenschicksale.de\/index.php?rest_route=%2Fwp%2Fv2%2Ftags&post=2944"}],"curies":[{"name":"wp","href":"https:\/\/api.w.org\/{rel}","templated":true}]}}