{"id":3091,"date":"2025-01-10T00:00:27","date_gmt":"2025-01-09T23:00:27","guid":{"rendered":"http:\/\/soldatenschicksale.de\/?p=3091"},"modified":"2025-01-05T08:20:41","modified_gmt":"2025-01-05T07:20:41","slug":"soldatenschicksale-des-1-weltkrieges-teil-141-h-reiter","status":"publish","type":"post","link":"http:\/\/soldatenschicksale.de\/?p=3091","title":{"rendered":"Soldatenschicksale des 1. Weltkrieges Teil 141: Hermann Reiter"},"content":{"rendered":"<p>Hermann Reifer (der auf dem Grabstein angegebene Nachname &#8222;Rei<span style=\"color: #ff0000;\"><strong>t<\/strong><\/span>er&#8220; ist falsch!) wurde am 22.02.1893 in <a href=\"https:\/\/de.wikipedia.org\/wiki\/G%C3%BCtersloh\" target=\"_blank\" rel=\"noopener\">G\u00fctersloh<\/a> im heutigen Bundesland Nordrhein-Westfalen geboren. Im Ersten Weltkrieg k\u00e4mpfte er als Infanterist in der 4. Kompanie des 159. Infanterie-Regiments. Am 04.11.1918 wurde er w\u00e4hrend der K\u00e4mpfe vor und in der Hermannstellung bei <a href=\"https:\/\/de.wikipedia.org\/wiki\/Longw%C3%A9\" target=\"_blank\" rel=\"noopener\">Longw\u00e9<\/a> schwer verwundet. Drei Wochen sp\u00e4ter, am 25.11.1918, verstarb er an seiner Verwundung in einem Lazarett in der saarl\u00e4ndischen Stadt <a href=\"https:\/\/de.wikipedia.org\/wiki\/Saarlouis\" target=\"_blank\" rel=\"noopener\">Saarlouis<\/a>.<\/p>\n<p>Man begrub Hemann Reifer auf dem <span data-sheets-root=\"1\"><a class=\"in-cell-link\" href=\"https:\/\/de.wikipedia.org\/wiki\/Alter_Friedhof_Saarlouis\" target=\"_blank\" rel=\"noopener\">Garnisons-Friedhof Saarlouis<\/a><\/span> in Block 3, Reihe 7, Grab 302.<\/p>\n<p>Im <a href=\"https:\/\/de.wikipedia.org\/wiki\/Paderborner_Dom\" target=\"_blank\" rel=\"noopener\">Paderborner Dom<\/a> gedenkt man Hermann Reifer noch heute auf einem Denkmal: <a href=\"http:\/\/www.denkmalprojekt.org\/dkm_deutschland\/paderborn_dom_wk1_nrw.htm\" target=\"_blank\" rel=\"noopener\">http:\/\/www.denkmalprojekt.org\/dkm_deutschland\/paderborn_dom_wk1_nrw.htm<\/a><\/p>\n<figure id=\"attachment_3092\" aria-describedby=\"caption-attachment-3092\" style=\"width: 629px\" class=\"wp-caption aligncenter\"><img loading=\"lazy\" decoding=\"async\" class=\"wp-image-3092 size-full\" src=\"http:\/\/soldatenschicksale.de\/wp-content\/uploads\/2025\/01\/H.-Reiter.jpg\" alt=\"\" width=\"629\" height=\"800\" srcset=\"http:\/\/soldatenschicksale.de\/wp-content\/uploads\/2025\/01\/H.-Reiter.jpg 629w, http:\/\/soldatenschicksale.de\/wp-content\/uploads\/2025\/01\/H.-Reiter-236x300.jpg 236w\" sizes=\"auto, (max-width: 709px) 85vw, (max-width: 909px) 67vw, (max-width: 984px) 61vw, (max-width: 1362px) 45vw, 600px\" \/><figcaption id=\"caption-attachment-3092\" class=\"wp-caption-text\">Das Grab von Hermann Reiter auf dem Garnisonsfriedhof Saarlouis<\/figcaption><\/figure>\n","protected":false},"excerpt":{"rendered":"<p>Hermann Reifer (der auf dem Grabstein angegebene Nachname &#8222;Reiter&#8220; ist falsch!) wurde am 22.02.1893 in G\u00fctersloh im heutigen Bundesland Nordrhein-Westfalen geboren. Im Ersten Weltkrieg k\u00e4mpfte er als Infanterist in der 4. Kompanie des 159. Infanterie-Regiments. Am 04.11.1918 wurde er w\u00e4hrend der K\u00e4mpfe vor und in der Hermannstellung bei Longw\u00e9 schwer verwundet. Drei Wochen sp\u00e4ter, am &hellip; <a href=\"http:\/\/soldatenschicksale.de\/?p=3091\" class=\"more-link\"><span class=\"screen-reader-text\">\u201eSoldatenschicksale des 1. Weltkrieges Teil 141: Hermann Reiter\u201c <\/span>weiterlesen<\/a><\/p>\n","protected":false},"author":2,"featured_media":0,"comment_status":"closed","ping_status":"open","sticky":false,"template":"","format":"standard","meta":{"footnotes":"","_wp_rev_ctl_limit":""},"categories":[1007,1426,76,988,75],"tags":[1464,1427,30,1463,1107,1097,990,1461,1467,170,1466,7,1465,229,1100,1462,165],"class_list":["post-3091","post","type-post","status-publish","format-standard","hentry","category-1-weltkrieg","category-ardennen","category-frankreich","category-grand-est","category-westfront","tag-159-infanterie-regiment","tag-ardennen","tag-denkmal","tag-fehler","tag-garnisons-friedhof-saarlouis","tag-garnisonsfriedhof-saarlouis","tag-grand-est","tag-guetersloh","tag-kaempfe-vor-und-in-der-hermannstellung","tag-lazarett","tag-longwe","tag-nordrhein-westfalen","tag-paderborn","tag-saarland","tag-saarlouis","tag-schreibfehler","tag-schwere-verwundung"],"_links":{"self":[{"href":"http:\/\/soldatenschicksale.de\/index.php?rest_route=\/wp\/v2\/posts\/3091","targetHints":{"allow":["GET"]}}],"collection":[{"href":"http:\/\/soldatenschicksale.de\/index.php?rest_route=\/wp\/v2\/posts"}],"about":[{"href":"http:\/\/soldatenschicksale.de\/index.php?rest_route=\/wp\/v2\/types\/post"}],"author":[{"embeddable":true,"href":"http:\/\/soldatenschicksale.de\/index.php?rest_route=\/wp\/v2\/users\/2"}],"replies":[{"embeddable":true,"href":"http:\/\/soldatenschicksale.de\/index.php?rest_route=%2Fwp%2Fv2%2Fcomments&post=3091"}],"version-history":[{"count":3,"href":"http:\/\/soldatenschicksale.de\/index.php?rest_route=\/wp\/v2\/posts\/3091\/revisions"}],"predecessor-version":[{"id":3100,"href":"http:\/\/soldatenschicksale.de\/index.php?rest_route=\/wp\/v2\/posts\/3091\/revisions\/3100"}],"wp:attachment":[{"href":"http:\/\/soldatenschicksale.de\/index.php?rest_route=%2Fwp%2Fv2%2Fmedia&parent=3091"}],"wp:term":[{"taxonomy":"category","embeddable":true,"href":"http:\/\/soldatenschicksale.de\/index.php?rest_route=%2Fwp%2Fv2%2Fcategories&post=3091"},{"taxonomy":"post_tag","embeddable":true,"href":"http:\/\/soldatenschicksale.de\/index.php?rest_route=%2Fwp%2Fv2%2Ftags&post=3091"}],"curies":[{"name":"wp","href":"https:\/\/api.w.org\/{rel}","templated":true}]}}