{"id":3152,"date":"2025-01-18T00:00:52","date_gmt":"2025-01-17T23:00:52","guid":{"rendered":"http:\/\/soldatenschicksale.de\/?p=3152"},"modified":"2025-01-08T16:17:42","modified_gmt":"2025-01-08T15:17:42","slug":"soldatenschicksale-des-1-weltkrieges-teil-149-august-hilmer","status":"publish","type":"post","link":"http:\/\/soldatenschicksale.de\/?p=3152","title":{"rendered":"Soldatenschicksale des 1. Weltkrieges Teil 149: August Hilmer"},"content":{"rendered":"<p>Der Soldat August Hilmer wurde am 12.02.1876 in <a href=\"https:\/\/de.wikipedia.org\/wiki\/Osnabr%C3%BCck\" target=\"_blank\" rel=\"noopener\">Osnabr\u00fcck<\/a> im heutigen Bundesland Niedersachsen geboren. Im Ersten Weltkrieg k\u00e4mpfte er als Feldwebel-Leutnant in der 1. Kompanie des 92. Reserve-Infanterie-Regiments. Am 20.07.1915 fiel er im Alter von 39 Jahren in den Vogesen n\u00f6rdlich <a href=\"https:\/\/de.wikipedia.org\/wiki\/Munster_(Haut-Rhin)\" target=\"_blank\" rel=\"noopener\">M\u00fcnster<\/a> am Schratzm\u00e4nnele.<\/p>\n<p>Man begrub August Hilmer auf dem Soldatenfriedhof <span data-sheets-root=\"1\"><a class=\"in-cell-link\" href=\"https:\/\/www.google.de\/maps\/place\/Ammerschwihr,+Frankreich\/@48.1167085,7.2318824,13z\/data=!3m1!4b1!4m5!3m4!1s0x479161162b7e2d4f:0x40a5fb99a3940d0!8m2!3d48.1256119!4d7.281956\" target=\"_blank\" rel=\"noopener\">Ammerschwihr<\/a><\/span> in <span data-sheets-root=\"1\">Grab 97.<\/span><\/p>\n<figure id=\"attachment_3148\" aria-describedby=\"caption-attachment-3148\" style=\"width: 540px\" class=\"wp-caption aligncenter\"><img loading=\"lazy\" decoding=\"async\" class=\"size-full wp-image-3148\" src=\"http:\/\/soldatenschicksale.de\/wp-content\/uploads\/2025\/01\/August-Hilmer.jpg\" alt=\"\" width=\"540\" height=\"800\" srcset=\"http:\/\/soldatenschicksale.de\/wp-content\/uploads\/2025\/01\/August-Hilmer.jpg 540w, http:\/\/soldatenschicksale.de\/wp-content\/uploads\/2025\/01\/August-Hilmer-203x300.jpg 203w\" sizes=\"auto, (max-width: 540px) 85vw, 540px\" \/><figcaption id=\"caption-attachment-3148\" class=\"wp-caption-text\">Das Grab von August Hilmer auf dem Soldatenfriedhof Ammerschwihr<\/figcaption><\/figure>\n","protected":false},"excerpt":{"rendered":"<p>Der Soldat August Hilmer wurde am 12.02.1876 in Osnabr\u00fcck im heutigen Bundesland Niedersachsen geboren. Im Ersten Weltkrieg k\u00e4mpfte er als Feldwebel-Leutnant in der 1. Kompanie des 92. Reserve-Infanterie-Regiments. Am 20.07.1915 fiel er im Alter von 39 Jahren in den Vogesen n\u00f6rdlich M\u00fcnster am Schratzm\u00e4nnele. Man begrub August Hilmer auf dem Soldatenfriedhof Ammerschwihr in Grab 97.<\/p>\n","protected":false},"author":2,"featured_media":0,"comment_status":"closed","ping_status":"open","sticky":false,"template":"","format":"standard","meta":{"footnotes":"","_wp_rev_ctl_limit":""},"categories":[1007,76,988,468,75],"tags":[1485,1479,303,1484,78,990,1486,139,1153,1487,306,239],"class_list":["post-3152","post","type-post","status-publish","format-standard","hentry","category-1-weltkrieg","category-frankreich","category-grand-est","category-vogesen-elsass","category-westfront","tag-92-reserve-infanterie-regiment","tag-ammerschwihr","tag-elsass","tag-feldwebel-leitnant","tag-frankreich","tag-grand-est","tag-muenster","tag-niedersachsen","tag-osnabrueck","tag-schratzmaennele","tag-vogesen","tag-westfront"],"_links":{"self":[{"href":"http:\/\/soldatenschicksale.de\/index.php?rest_route=\/wp\/v2\/posts\/3152","targetHints":{"allow":["GET"]}}],"collection":[{"href":"http:\/\/soldatenschicksale.de\/index.php?rest_route=\/wp\/v2\/posts"}],"about":[{"href":"http:\/\/soldatenschicksale.de\/index.php?rest_route=\/wp\/v2\/types\/post"}],"author":[{"embeddable":true,"href":"http:\/\/soldatenschicksale.de\/index.php?rest_route=\/wp\/v2\/users\/2"}],"replies":[{"embeddable":true,"href":"http:\/\/soldatenschicksale.de\/index.php?rest_route=%2Fwp%2Fv2%2Fcomments&post=3152"}],"version-history":[{"count":3,"href":"http:\/\/soldatenschicksale.de\/index.php?rest_route=\/wp\/v2\/posts\/3152\/revisions"}],"predecessor-version":[{"id":3158,"href":"http:\/\/soldatenschicksale.de\/index.php?rest_route=\/wp\/v2\/posts\/3152\/revisions\/3158"}],"wp:attachment":[{"href":"http:\/\/soldatenschicksale.de\/index.php?rest_route=%2Fwp%2Fv2%2Fmedia&parent=3152"}],"wp:term":[{"taxonomy":"category","embeddable":true,"href":"http:\/\/soldatenschicksale.de\/index.php?rest_route=%2Fwp%2Fv2%2Fcategories&post=3152"},{"taxonomy":"post_tag","embeddable":true,"href":"http:\/\/soldatenschicksale.de\/index.php?rest_route=%2Fwp%2Fv2%2Ftags&post=3152"}],"curies":[{"name":"wp","href":"https:\/\/api.w.org\/{rel}","templated":true}]}}