{"id":3183,"date":"2025-01-21T00:00:12","date_gmt":"2025-01-20T23:00:12","guid":{"rendered":"http:\/\/soldatenschicksale.de\/?p=3183"},"modified":"2025-01-09T08:58:10","modified_gmt":"2025-01-09T07:58:10","slug":"soldatenschicksale-des-1-weltkrieges-teil-152-georg-kurz","status":"publish","type":"post","link":"http:\/\/soldatenschicksale.de\/?p=3183","title":{"rendered":"Soldatenschicksale des 1. Weltkrieges Teil 152: Georg Kurz"},"content":{"rendered":"<p>Der Soldat Georg Kurz stammte aus <a href=\"https:\/\/de.wikipedia.org\/wiki\/Ettenhausen_(Schleching)\" target=\"_blank\" rel=\"noopener\">Ettenhausen<\/a>, einem Ortsteil der bayerischen Gemeinde <a href=\"https:\/\/de.wikipedia.org\/wiki\/Schleching\" target=\"_blank\" rel=\"noopener\">Schleching<\/a>. Im Ersten Weltkrieg k\u00e4mpfte er als Landsturmmann in der 10. Kompanie des 1. bayerischen Landwehr-Infanterie-Regiments. Am 07.04.1916 fiel er in Frankreich w\u00e4hrend der K\u00e4mpfe in den Vogesen. Er wurde w\u00e4hrend der Stellungsk\u00e4mpfe <a href=\"https:\/\/de.wikipedia.org\/wiki\/Urbeis\" target=\"_blank\" rel=\"noopener\">Urbeis<\/a> &#8211; Eichenrain am <a href=\"https:\/\/de.wikipedia.org\/wiki\/Collet_du_Linge\" target=\"_blank\" rel=\"noopener\">Lingesattel<\/a> get\u00f6tet.<\/p>\n<p>Man begrub Georg Kurz auf dem Soldatenfriedhof <span data-sheets-root=\"1\"><a class=\"in-cell-link\" href=\"https:\/\/www.google.de\/maps\/place\/Ammerschwihr,+Frankreich\/@48.1167085,7.2318824,13z\/data=!3m1!4b1!4m5!3m4!1s0x479161162b7e2d4f:0x40a5fb99a3940d0!8m2!3d48.1256119!4d7.281956\" target=\"_blank\" rel=\"noopener\">Ammerschwihr<\/a><\/span> in <span data-sheets-root=\"1\">Grab 94.<\/span><\/p>\n<p>In seiner Heimatgemeinde Schleching gedenkt man\u00a0 Georg Kurz noch heute auf einem Denkmal: <a href=\"http:\/\/www.denkmalprojekt.org\/2022\/schleching_lk-traunstein_wk1_wk2_by.html\" target=\"_blank\" rel=\"noopener\">http:\/\/www.denkmalprojekt.org\/2022\/schleching_lk-traunstein_wk1_wk2_by.html<\/a><\/p>\n<figure id=\"attachment_3167\" aria-describedby=\"caption-attachment-3167\" style=\"width: 559px\" class=\"wp-caption aligncenter\"><img loading=\"lazy\" decoding=\"async\" class=\"size-full wp-image-3167\" src=\"http:\/\/soldatenschicksale.de\/wp-content\/uploads\/2025\/01\/Georg-Kurz.jpg\" alt=\"\" width=\"559\" height=\"800\" srcset=\"http:\/\/soldatenschicksale.de\/wp-content\/uploads\/2025\/01\/Georg-Kurz.jpg 559w, http:\/\/soldatenschicksale.de\/wp-content\/uploads\/2025\/01\/Georg-Kurz-210x300.jpg 210w\" sizes=\"auto, (max-width: 559px) 85vw, 559px\" \/><figcaption id=\"caption-attachment-3167\" class=\"wp-caption-text\">Das Grab von Georg Kurz auf dem Soldatenfriedhof Ammerschwihr<\/figcaption><\/figure>\n","protected":false},"excerpt":{"rendered":"<p>Der Soldat Georg Kurz stammte aus Ettenhausen, einem Ortsteil der bayerischen Gemeinde Schleching. Im Ersten Weltkrieg k\u00e4mpfte er als Landsturmmann in der 10. Kompanie des 1. bayerischen Landwehr-Infanterie-Regiments. Am 07.04.1916 fiel er in Frankreich w\u00e4hrend der K\u00e4mpfe in den Vogesen. Er wurde w\u00e4hrend der Stellungsk\u00e4mpfe Urbeis &#8211; Eichenrain am Lingesattel get\u00f6tet. Man begrub Georg Kurz &hellip; <a href=\"http:\/\/soldatenschicksale.de\/?p=3183\" class=\"more-link\"><span class=\"screen-reader-text\">\u201eSoldatenschicksale des 1. Weltkrieges Teil 152: Georg Kurz\u201c <\/span>weiterlesen<\/a><\/p>\n","protected":false},"author":2,"featured_media":0,"comment_status":"closed","ping_status":"open","sticky":false,"template":"","format":"standard","meta":{"footnotes":"","_wp_rev_ctl_limit":""},"categories":[1007,76,988,468,75],"tags":[1495,1479,21,30,303,1493,78,990,1094,1499,1498,1497,1494,1500,306,1496,239],"class_list":["post-3183","post","type-post","status-publish","format-standard","hentry","category-1-weltkrieg","category-frankreich","category-grand-est","category-vogesen-elsass","category-westfront","tag-1-bayerisches-landwehr-infanterie-regiment","tag-ammerschwihr","tag-bayern","tag-denkmal","tag-elsass","tag-ettenhausen","tag-frankreich","tag-grand-est","tag-landsturmmann","tag-linge","tag-lingekopf","tag-lingesattel","tag-schleching","tag-stellungskaempfe-urbeis-eichenrain","tag-vogesen","tag-vogesenkaempfe","tag-westfront"],"_links":{"self":[{"href":"http:\/\/soldatenschicksale.de\/index.php?rest_route=\/wp\/v2\/posts\/3183","targetHints":{"allow":["GET"]}}],"collection":[{"href":"http:\/\/soldatenschicksale.de\/index.php?rest_route=\/wp\/v2\/posts"}],"about":[{"href":"http:\/\/soldatenschicksale.de\/index.php?rest_route=\/wp\/v2\/types\/post"}],"author":[{"embeddable":true,"href":"http:\/\/soldatenschicksale.de\/index.php?rest_route=\/wp\/v2\/users\/2"}],"replies":[{"embeddable":true,"href":"http:\/\/soldatenschicksale.de\/index.php?rest_route=%2Fwp%2Fv2%2Fcomments&post=3183"}],"version-history":[{"count":3,"href":"http:\/\/soldatenschicksale.de\/index.php?rest_route=\/wp\/v2\/posts\/3183\/revisions"}],"predecessor-version":[{"id":3189,"href":"http:\/\/soldatenschicksale.de\/index.php?rest_route=\/wp\/v2\/posts\/3183\/revisions\/3189"}],"wp:attachment":[{"href":"http:\/\/soldatenschicksale.de\/index.php?rest_route=%2Fwp%2Fv2%2Fmedia&parent=3183"}],"wp:term":[{"taxonomy":"category","embeddable":true,"href":"http:\/\/soldatenschicksale.de\/index.php?rest_route=%2Fwp%2Fv2%2Fcategories&post=3183"},{"taxonomy":"post_tag","embeddable":true,"href":"http:\/\/soldatenschicksale.de\/index.php?rest_route=%2Fwp%2Fv2%2Ftags&post=3183"}],"curies":[{"name":"wp","href":"https:\/\/api.w.org\/{rel}","templated":true}]}}