{"id":3205,"date":"2025-01-24T00:00:17","date_gmt":"2025-01-23T23:00:17","guid":{"rendered":"http:\/\/soldatenschicksale.de\/?p=3205"},"modified":"2025-01-11T18:31:16","modified_gmt":"2025-01-11T17:31:16","slug":"soldatenschicksale-des-1-weltkrieges-teil-155-ludwig-cierlak","status":"publish","type":"post","link":"http:\/\/soldatenschicksale.de\/?p=3205","title":{"rendered":"Soldatenschicksale des 1. Weltkrieges Teil 155: Ludwig Cierlak"},"content":{"rendered":"<p>Der Soldat Ludwig Cierlak stammte aus <a href=\"https:\/\/de.wikipedia.org\/wiki\/Mechnitz\" target=\"_blank\" rel=\"noopener\">Mechnitz<\/a> (seit 1945 polnisch: Mechnica), einem Ortsteil der Gemeinde <a href=\"https:\/\/de.wikipedia.org\/wiki\/Gmina_K%C4%99pno\" target=\"_blank\" rel=\"noopener\">Kempen<\/a> (seit 1945 polnisch: Gmina K\u0119pno). Im Ersten Weltkrieg k\u00e4mpfte er in der 2. Radfahrer-Kompanie des Garde-J\u00e4ger-Bataillons. Am 10.11.1915 fiel er w\u00e4hrend der Vogesenk\u00e4mpfe in Frankreich.<\/p>\n<p>\u00dcber den Todestag und die Todesumst\u00e4nde von Ludwig Cierlak berichtet die Regimentsgeschichte des Garde-J\u00e4ger-Regiments:<\/p>\n<blockquote><p><em>&#8222;Am 10. um 5 Uhr nachmittags erfolgte bei der 2. Radfahrer-Kompanie infolge Unvorsichtigkeit bei der Ausgabe von Handgranaten in einem gro\u00dfen Stollen am B\u00e4renstall eine heftige Detonation von 5.000 Handgranaten und 50.000 S-Munition. Sieben in dem Stollen arbeitende J\u00e4ger wurden versch\u00fcttet und konnten nicht geborgen werden, 4 weitere waren auf der Stelle tot, 4 wurden verwundet, desgleichen trug der Kompanief\u00fchrer, Oberleutnant der Reserve K\u00f6nig, eine Verletzung davon. Die Detonation war so gewaltig, dass an der Stelle, wo der Stollen gewesen war, ein riesiger Trichter entstand, \u00fcber den eine Br\u00fccke gebaut werden musste. Sp\u00e4ter errichtete das Bataillon an dieser Stelle einen Gedenkstein f\u00fcr die durch das traurige Ungl\u00fcck umgekommenen J\u00e4ger.&#8220;<\/em><\/p><\/blockquote>\n<p>Man begrub Ludwig Cierlak auf dem Soldatenfriedhof <span data-sheets-root=\"1\"><a class=\"in-cell-link\" href=\"https:\/\/www.google.de\/maps\/place\/Ammerschwihr,+Frankreich\/@48.1167085,7.2318824,13z\/data=!3m1!4b1!4m5!3m4!1s0x479161162b7e2d4f:0x40a5fb99a3940d0!8m2!3d48.1256119!4d7.281956\" target=\"_blank\" rel=\"noopener\">Ammerschwihr<\/a><\/span> in <span data-sheets-root=\"1\">Grab 91.<\/span><\/p>\n<figure id=\"attachment_3169\" aria-describedby=\"caption-attachment-3169\" style=\"width: 448px\" class=\"wp-caption aligncenter\"><img loading=\"lazy\" decoding=\"async\" class=\"size-full wp-image-3169\" src=\"http:\/\/soldatenschicksale.de\/wp-content\/uploads\/2025\/01\/Ludwig-Cierlak.jpg\" alt=\"\" width=\"448\" height=\"800\" srcset=\"http:\/\/soldatenschicksale.de\/wp-content\/uploads\/2025\/01\/Ludwig-Cierlak.jpg 448w, http:\/\/soldatenschicksale.de\/wp-content\/uploads\/2025\/01\/Ludwig-Cierlak-168x300.jpg 168w\" sizes=\"auto, (max-width: 448px) 85vw, 448px\" \/><figcaption id=\"caption-attachment-3169\" class=\"wp-caption-text\">Das Grab von Ludwig Cierlak auf dem Soldatenfriedhof Ammerschwihr<\/figcaption><\/figure>\n","protected":false},"excerpt":{"rendered":"<p>Der Soldat Ludwig Cierlak stammte aus Mechnitz (seit 1945 polnisch: Mechnica), einem Ortsteil der Gemeinde Kempen (seit 1945 polnisch: Gmina K\u0119pno). Im Ersten Weltkrieg k\u00e4mpfte er in der 2. Radfahrer-Kompanie des Garde-J\u00e4ger-Bataillons. Am 10.11.1915 fiel er w\u00e4hrend der Vogesenk\u00e4mpfe in Frankreich. \u00dcber den Todestag und die Todesumst\u00e4nde von Ludwig Cierlak berichtet die Regimentsgeschichte des Garde-J\u00e4ger-Regiments: &hellip; <a href=\"http:\/\/soldatenschicksale.de\/?p=3205\" class=\"more-link\"><span class=\"screen-reader-text\">\u201eSoldatenschicksale des 1. Weltkrieges Teil 155: Ludwig Cierlak\u201c <\/span>weiterlesen<\/a><\/p>\n","protected":false},"author":2,"featured_media":0,"comment_status":"closed","ping_status":"open","sticky":false,"template":"","format":"standard","meta":{"footnotes":"","_wp_rev_ctl_limit":""},"categories":[1007,76,988,468,75],"tags":[1479,1511,303,1508,1502,990,1503,1507,203,1509,1510,994,306,1496],"class_list":["post-3205","post","type-post","status-publish","format-standard","hentry","category-1-weltkrieg","category-frankreich","category-grand-est","category-vogesen-elsass","category-westfront","tag-ammerschwihr","tag-baerenstall","tag-elsass","tag-garde-jaeger-bataillon","tag-gmina-kepno","tag-grand-est","tag-kempen","tag-mechnica","tag-polen","tag-radfahrer","tag-radfahrer-kompanie","tag-regimentsgeschichte","tag-vogesen","tag-vogesenkaempfe"],"_links":{"self":[{"href":"http:\/\/soldatenschicksale.de\/index.php?rest_route=\/wp\/v2\/posts\/3205","targetHints":{"allow":["GET"]}}],"collection":[{"href":"http:\/\/soldatenschicksale.de\/index.php?rest_route=\/wp\/v2\/posts"}],"about":[{"href":"http:\/\/soldatenschicksale.de\/index.php?rest_route=\/wp\/v2\/types\/post"}],"author":[{"embeddable":true,"href":"http:\/\/soldatenschicksale.de\/index.php?rest_route=\/wp\/v2\/users\/2"}],"replies":[{"embeddable":true,"href":"http:\/\/soldatenschicksale.de\/index.php?rest_route=%2Fwp%2Fv2%2Fcomments&post=3205"}],"version-history":[{"count":3,"href":"http:\/\/soldatenschicksale.de\/index.php?rest_route=\/wp\/v2\/posts\/3205\/revisions"}],"predecessor-version":[{"id":3210,"href":"http:\/\/soldatenschicksale.de\/index.php?rest_route=\/wp\/v2\/posts\/3205\/revisions\/3210"}],"wp:attachment":[{"href":"http:\/\/soldatenschicksale.de\/index.php?rest_route=%2Fwp%2Fv2%2Fmedia&parent=3205"}],"wp:term":[{"taxonomy":"category","embeddable":true,"href":"http:\/\/soldatenschicksale.de\/index.php?rest_route=%2Fwp%2Fv2%2Fcategories&post=3205"},{"taxonomy":"post_tag","embeddable":true,"href":"http:\/\/soldatenschicksale.de\/index.php?rest_route=%2Fwp%2Fv2%2Ftags&post=3205"}],"curies":[{"name":"wp","href":"https:\/\/api.w.org\/{rel}","templated":true}]}}