{"id":3249,"date":"2025-01-29T00:00:01","date_gmt":"2025-01-28T23:00:01","guid":{"rendered":"http:\/\/soldatenschicksale.de\/?p=3249"},"modified":"2025-01-16T07:05:06","modified_gmt":"2025-01-16T06:05:06","slug":"soldatenschicksale-des-1-weltkrieges-teil-160-karl-volk","status":"publish","type":"post","link":"http:\/\/soldatenschicksale.de\/?p=3249","title":{"rendered":"Soldatenschicksale des 1. Weltkrieges Teil 160: Karl Volk"},"content":{"rendered":"<p>Der Soldat Karl Volk wurde am 05.04.1889 in der nieders\u00e4chsischen Stadt <a href=\"https:\/\/de.wikipedia.org\/wiki\/Braunlage\" target=\"_blank\" rel=\"noopener\">Braunlage<\/a> geboren. Im Ersten Weltkrieg k\u00e4mpfte er als Musketier in der 3. Kompanie des 92. Reserve-Infanterie-Regiments. Am 02.08.1915 fiel er im Alter von 26 Jahren w\u00e4hrend der Vogesenk\u00e4mpfe n\u00f6rdlich der Stadt <a href=\"https:\/\/de.wikipedia.org\/wiki\/Munster_(Haut-Rhin)\" target=\"_blank\" rel=\"noopener\">M\u00fcnster<\/a> (franz\u00f6sisch: Munster, els\u00e4ssisch: Menschter) am Schratzm\u00e4nnele.<\/p>\n<p>Der Sterbeort von Karl Volk:<br \/>\n<iframe loading=\"lazy\" style=\"border: 0;\" src=\"https:\/\/www.google.com\/maps\/embed?pb=!1m18!1m12!1m3!1d6486.556423840307!2d7.133132740203424!3d48.07968986886011!2m3!1f0!2f0!3f0!3m2!1i1024!2i768!4f13.1!3m3!1m2!1s0x4793d8df98a74967%3A0xdf16ab4947a3184!2sSchratzmaennele!5e1!3m2!1sde!2sde!4v1737000817561!5m2!1sde!2sde\" width=\"600\" height=\"450\" allowfullscreen=\"allowfullscreen\"><\/iframe><\/p>\n<p>Man begrub Karl Volk auf dem Soldatenfriedhof <span data-sheets-root=\"1\"><a class=\"in-cell-link\" href=\"https:\/\/www.google.de\/maps\/place\/Ammerschwihr,+Frankreich\/@48.1167085,7.2318824,13z\/data=!3m1!4b1!4m5!3m4!1s0x479161162b7e2d4f:0x40a5fb99a3940d0!8m2!3d48.1256119!4d7.281956\" target=\"_blank\" rel=\"noopener\">Ammerschwihr<\/a><\/span> in <span data-sheets-root=\"1\">Grab 84.<\/span><\/p>\n<figure id=\"attachment_3176\" aria-describedby=\"caption-attachment-3176\" style=\"width: 481px\" class=\"wp-caption aligncenter\"><img loading=\"lazy\" decoding=\"async\" class=\"size-full wp-image-3176\" src=\"http:\/\/soldatenschicksale.de\/wp-content\/uploads\/2025\/01\/Karl-Volk.jpg\" alt=\"\" width=\"481\" height=\"800\" srcset=\"http:\/\/soldatenschicksale.de\/wp-content\/uploads\/2025\/01\/Karl-Volk.jpg 481w, http:\/\/soldatenschicksale.de\/wp-content\/uploads\/2025\/01\/Karl-Volk-180x300.jpg 180w\" sizes=\"auto, (max-width: 481px) 85vw, 481px\" \/><figcaption id=\"caption-attachment-3176\" class=\"wp-caption-text\">Das Grab von Karl Volk auf dem Soldatenfriedhof Ammerschwihr<\/figcaption><\/figure>\n","protected":false},"excerpt":{"rendered":"<p>Der Soldat Karl Volk wurde am 05.04.1889 in der nieders\u00e4chsischen Stadt Braunlage geboren. Im Ersten Weltkrieg k\u00e4mpfte er als Musketier in der 3. Kompanie des 92. Reserve-Infanterie-Regiments. Am 02.08.1915 fiel er im Alter von 26 Jahren w\u00e4hrend der Vogesenk\u00e4mpfe n\u00f6rdlich der Stadt M\u00fcnster (franz\u00f6sisch: Munster, els\u00e4ssisch: Menschter) am Schratzm\u00e4nnele. Der Sterbeort von Karl Volk: Man &hellip; <a href=\"http:\/\/soldatenschicksale.de\/?p=3249\" class=\"more-link\"><span class=\"screen-reader-text\">\u201eSoldatenschicksale des 1. Weltkrieges Teil 160: Karl Volk\u201c <\/span>weiterlesen<\/a><\/p>\n","protected":false},"author":2,"featured_media":0,"comment_status":"closed","ping_status":"open","sticky":false,"template":"","format":"standard","meta":{"footnotes":"","_wp_rev_ctl_limit":""},"categories":[1007,76,988,468,75],"tags":[1485,1479,1520,303,78,990,1486,1076,139,1487,306,1496,239],"class_list":["post-3249","post","type-post","status-publish","format-standard","hentry","category-1-weltkrieg","category-frankreich","category-grand-est","category-vogesen-elsass","category-westfront","tag-92-reserve-infanterie-regiment","tag-ammerschwihr","tag-braunlage","tag-elsass","tag-frankreich","tag-grand-est","tag-muenster","tag-musketier","tag-niedersachsen","tag-schratzmaennele","tag-vogesen","tag-vogesenkaempfe","tag-westfront"],"_links":{"self":[{"href":"http:\/\/soldatenschicksale.de\/index.php?rest_route=\/wp\/v2\/posts\/3249","targetHints":{"allow":["GET"]}}],"collection":[{"href":"http:\/\/soldatenschicksale.de\/index.php?rest_route=\/wp\/v2\/posts"}],"about":[{"href":"http:\/\/soldatenschicksale.de\/index.php?rest_route=\/wp\/v2\/types\/post"}],"author":[{"embeddable":true,"href":"http:\/\/soldatenschicksale.de\/index.php?rest_route=\/wp\/v2\/users\/2"}],"replies":[{"embeddable":true,"href":"http:\/\/soldatenschicksale.de\/index.php?rest_route=%2Fwp%2Fv2%2Fcomments&post=3249"}],"version-history":[{"count":3,"href":"http:\/\/soldatenschicksale.de\/index.php?rest_route=\/wp\/v2\/posts\/3249\/revisions"}],"predecessor-version":[{"id":3254,"href":"http:\/\/soldatenschicksale.de\/index.php?rest_route=\/wp\/v2\/posts\/3249\/revisions\/3254"}],"wp:attachment":[{"href":"http:\/\/soldatenschicksale.de\/index.php?rest_route=%2Fwp%2Fv2%2Fmedia&parent=3249"}],"wp:term":[{"taxonomy":"category","embeddable":true,"href":"http:\/\/soldatenschicksale.de\/index.php?rest_route=%2Fwp%2Fv2%2Fcategories&post=3249"},{"taxonomy":"post_tag","embeddable":true,"href":"http:\/\/soldatenschicksale.de\/index.php?rest_route=%2Fwp%2Fv2%2Ftags&post=3249"}],"curies":[{"name":"wp","href":"https:\/\/api.w.org\/{rel}","templated":true}]}}