{"id":3255,"date":"2025-01-30T00:00:52","date_gmt":"2025-01-29T23:00:52","guid":{"rendered":"http:\/\/soldatenschicksale.de\/?p=3255"},"modified":"2025-01-16T10:37:43","modified_gmt":"2025-01-16T09:37:43","slug":"soldatenschicksale-des-1-weltkrieges-teil-161-wilhelm-janssen","status":"publish","type":"post","link":"http:\/\/soldatenschicksale.de\/?p=3255","title":{"rendered":"Soldatenschicksale des 1. Weltkrieges Teil 161: Wilhelm Janssen"},"content":{"rendered":"<p>Der Soldat Wilhelm Janssen stammte aus <a href=\"https:\/\/maps.app.goo.gl\/DzTFsJiFcoA2hPLu9\" target=\"_blank\" rel=\"noopener\">Funnens<\/a>, einem Ortsteil der nieders\u00e4chsischen Gemeinde <a href=\"https:\/\/de.wikipedia.org\/wiki\/Wangerland\" target=\"_blank\" rel=\"noopener\">Wangeland<\/a>. Im Ersten Weltkrieg k\u00e4mpfte er als Gefreiter in der 3. Kompanie des 92. Reserve-Infanterie-Regiments. Am 03.08.1915 starb er w\u00e4hrend der Vogesenk\u00e4mpfe in Frankreich am <a href=\"https:\/\/maps.app.goo.gl\/7AQmx7muZeSviooYA\" target=\"_blank\" rel=\"noopener\">Schratzm\u00e4nnele<\/a> n\u00f6rdlich der Stadt M\u00fcnster (franz\u00f6sisch: Munster, els\u00e4ssisch: Menschter).<\/p>\n<p>Man begrub Wilhelm Janssen auf dem Soldatenfriedhof <span data-sheets-root=\"1\"><a class=\"in-cell-link\" href=\"https:\/\/www.google.de\/maps\/place\/Ammerschwihr,+Frankreich\/@48.1167085,7.2318824,13z\/data=!3m1!4b1!4m5!3m4!1s0x479161162b7e2d4f:0x40a5fb99a3940d0!8m2!3d48.1256119!4d7.281956\" target=\"_blank\" rel=\"noopener\">Ammerschwihr<\/a><\/span> in Grab 85.<\/p>\n<p>In seiner Heimatgemeinde Wangeland gedenkt man Wilhelm Janssen noch heute auf einem Denkmal: <a href=\"http:\/\/www.denkmalprojekt.org\/2024\/hohenkirchen_gem-wangerland_lkr-friesland_wk1_wk2_ns.html\" target=\"_blank\" rel=\"noopener\">http:\/\/www.denkmalprojekt.org\/2024\/hohenkirchen_gem-wangerland_lkr-friesland_wk1_wk2_ns.html<\/a><\/p>\n<figure id=\"attachment_3177\" aria-describedby=\"caption-attachment-3177\" style=\"width: 366px\" class=\"wp-caption aligncenter\"><img loading=\"lazy\" decoding=\"async\" class=\"size-full wp-image-3177\" src=\"http:\/\/soldatenschicksale.de\/wp-content\/uploads\/2025\/01\/Wilhelm-Janssen.jpg\" alt=\"\" width=\"366\" height=\"800\" srcset=\"http:\/\/soldatenschicksale.de\/wp-content\/uploads\/2025\/01\/Wilhelm-Janssen.jpg 366w, http:\/\/soldatenschicksale.de\/wp-content\/uploads\/2025\/01\/Wilhelm-Janssen-137x300.jpg 137w\" sizes=\"auto, (max-width: 366px) 85vw, 366px\" \/><figcaption id=\"caption-attachment-3177\" class=\"wp-caption-text\">Das Grab von Wilhelm Janssen auf dem Soldatenfriedhof Ammerschwihr<\/figcaption><\/figure>\n","protected":false},"excerpt":{"rendered":"<p>Der Soldat Wilhelm Janssen stammte aus Funnens, einem Ortsteil der nieders\u00e4chsischen Gemeinde Wangeland. Im Ersten Weltkrieg k\u00e4mpfte er als Gefreiter in der 3. Kompanie des 92. Reserve-Infanterie-Regiments. Am 03.08.1915 starb er w\u00e4hrend der Vogesenk\u00e4mpfe in Frankreich am Schratzm\u00e4nnele n\u00f6rdlich der Stadt M\u00fcnster (franz\u00f6sisch: Munster, els\u00e4ssisch: Menschter). Man begrub Wilhelm Janssen auf dem Soldatenfriedhof Ammerschwihr in &hellip; <a href=\"http:\/\/soldatenschicksale.de\/?p=3255\" class=\"more-link\"><span class=\"screen-reader-text\">\u201eSoldatenschicksale des 1. Weltkrieges Teil 161: Wilhelm Janssen\u201c <\/span>weiterlesen<\/a><\/p>\n","protected":false},"author":2,"featured_media":0,"comment_status":"closed","ping_status":"open","sticky":false,"template":"","format":"standard","meta":{"footnotes":"","_wp_rev_ctl_limit":""},"categories":[1007,76,988,468,75],"tags":[1485,1479,30,303,78,1523,11,990,1521,139,1487,306,1496,1522,239],"class_list":["post-3255","post","type-post","status-publish","format-standard","hentry","category-1-weltkrieg","category-frankreich","category-grand-est","category-vogesen-elsass","category-westfront","tag-92-reserve-infanterie-regiment","tag-ammerschwihr","tag-denkmal","tag-elsass","tag-frankreich","tag-funnens","tag-gefreiter","tag-grand-est","tag-hohenkirchen","tag-niedersachsen","tag-schratzmaennele","tag-vogesen","tag-vogesenkaempfe","tag-wangerland","tag-westfront"],"_links":{"self":[{"href":"http:\/\/soldatenschicksale.de\/index.php?rest_route=\/wp\/v2\/posts\/3255","targetHints":{"allow":["GET"]}}],"collection":[{"href":"http:\/\/soldatenschicksale.de\/index.php?rest_route=\/wp\/v2\/posts"}],"about":[{"href":"http:\/\/soldatenschicksale.de\/index.php?rest_route=\/wp\/v2\/types\/post"}],"author":[{"embeddable":true,"href":"http:\/\/soldatenschicksale.de\/index.php?rest_route=\/wp\/v2\/users\/2"}],"replies":[{"embeddable":true,"href":"http:\/\/soldatenschicksale.de\/index.php?rest_route=%2Fwp%2Fv2%2Fcomments&post=3255"}],"version-history":[{"count":3,"href":"http:\/\/soldatenschicksale.de\/index.php?rest_route=\/wp\/v2\/posts\/3255\/revisions"}],"predecessor-version":[{"id":3268,"href":"http:\/\/soldatenschicksale.de\/index.php?rest_route=\/wp\/v2\/posts\/3255\/revisions\/3268"}],"wp:attachment":[{"href":"http:\/\/soldatenschicksale.de\/index.php?rest_route=%2Fwp%2Fv2%2Fmedia&parent=3255"}],"wp:term":[{"taxonomy":"category","embeddable":true,"href":"http:\/\/soldatenschicksale.de\/index.php?rest_route=%2Fwp%2Fv2%2Fcategories&post=3255"},{"taxonomy":"post_tag","embeddable":true,"href":"http:\/\/soldatenschicksale.de\/index.php?rest_route=%2Fwp%2Fv2%2Ftags&post=3255"}],"curies":[{"name":"wp","href":"https:\/\/api.w.org\/{rel}","templated":true}]}}