{"id":3282,"date":"2025-02-02T00:00:29","date_gmt":"2025-02-01T23:00:29","guid":{"rendered":"http:\/\/soldatenschicksale.de\/?p=3282"},"modified":"2025-01-20T15:23:17","modified_gmt":"2025-01-20T14:23:17","slug":"soldatenschicksale-des-1-weltkrieges-teil-164","status":"publish","type":"post","link":"http:\/\/soldatenschicksale.de\/?p=3282","title":{"rendered":"Soldatenschicksale des 1. Weltkrieges Teil 164: Max Frommknecht"},"content":{"rendered":"<p>Der Soldat Max Frommknecht wurde am 17.03.1886 in der bayerischen Gemeinde <a href=\"https:\/\/de.wikipedia.org\/wiki\/Wertach\" target=\"_blank\" rel=\"noopener\">Wertach<\/a> geboren. Im Ersten Weltkrieg k\u00e4mpfte er als Wehrmann in der 10. Kompanie des 3. bayerischen Landwehr-Infanterie-Regiments. Am 01.09.1914 fiel er im Alter von 28 Jahren w\u00e4hrend der Vogesenk\u00e4mpfe in Frankreich. Er wurde bei <a href=\"https:\/\/de.wikipedia.org\/wiki\/Trois-%C3%89pis\" target=\"_blank\" rel=\"noopener\">Drei \u00c4hren<\/a> (franz\u00f6sisch: Trois-\u00c9pis)<br \/>\nget\u00f6tet.<\/p>\n<p>\u00dcber den Todestag und die Todesumst\u00e4nde von Max Frommknecht berichtet die Regimentsgeschichte des 3. bayerischen Landwehr-Infanterie-Regiment:<\/p>\n<blockquote><p><em>&#8222;Der Franzose, der nach seiner Schlappe, die er sich durch die 1. Landwehr-Brigade bei Ingersheim geholt hatte, weit \u00fcber Drei \u00c4hren zur\u00fcckgegangen war, bekam am 31.08. wieder Mut zum Vorw\u00e4rtsf\u00fchlen. Jedoch am 01.09. wurde es ernst.<\/em><\/p>\n<p><em>Um 3 Uhr nachmittags trat eine ver\u00e4nderte Kr\u00e4fteaufstellung ein. Das Regiment wurde durch das 1. bayerische Landwehr-Regiment abgel\u00f6st und hatte sich sofort im Brigadeverband nach Ammerschweier in Marsch zu setzen. Im Schloss Kienzheim, dem sp\u00e4teren Divisionssitz, fand Befehlsausgabe statt. Demnach sollte am 02.09. ein gro\u00dfer Schlag gef\u00fchrt werden: Die Franzosen sind bei La Capelle zu deutsch Zell festgestellt; sie werden umfassend angegriffen. L1 greift ihre rechte Flanke von Drei \u00c4hren aus an, L. 12 geht durchs Kayserbergtal vor und umfasst die linke Flanke, L. 3 gewinnt den Gratberg und st\u00f6\u00dft von dort aus gegen Zell hinab. L. 3 blieb aus diesem Befehl heraus in Ammerschweier in Ortsunterkunft und schickte zur Sicherung gegen Zell I.\/L. 3 nach Bruderhaus.<\/em><\/p>\n<p><em>\u00dcber den Gefechtszustand der letzten Wochen ist nur zu sagen, dass er ganz ausgezeichnet war. Heftige Darmerkrankungen beim I. Bataillon auf der Letzenburg stehen im urs\u00e4chlichen Zusammenhang mit der Angriffsentwicklung am 28.09. gegen Katzenthal: hier war das Bataillon verdammt, zwei Stunden lang entwickelt in einem Weinberg zu liegen, dessen Trauben noch nicht reif waren.&#8220;<\/em><\/p><\/blockquote>\n<p>Man begrub Max Frommknecht auf dem Soldatenfriedhof <span data-sheets-root=\"1\"><a class=\"in-cell-link\" href=\"https:\/\/www.google.de\/maps\/place\/Ammerschwihr,+Frankreich\/@48.1167085,7.2318824,13z\/data=!3m1!4b1!4m5!3m4!1s0x479161162b7e2d4f:0x40a5fb99a3940d0!8m2!3d48.1256119!4d7.281956\" target=\"_blank\" rel=\"noopener\">Ammerschwihr<\/a><\/span> in Grab 111.<\/p>\n<p>In seiner Heimatgemeinde Wertach gedenkt man Max Frommknecht noch heute auf einem Denkmal: <a href=\"http:\/\/www.denkmalprojekt.org\/2020\/wertach_lk-oberallgaeu_wk1_wk2_by.html\" target=\"_blank\" rel=\"noopener\">http:\/\/www.denkmalprojekt.org\/2020\/wertach_lk-oberallgaeu_wk1_wk2_by.html<\/a><\/p>\n<figure id=\"attachment_3284\" aria-describedby=\"caption-attachment-3284\" style=\"width: 387px\" class=\"wp-caption aligncenter\"><img loading=\"lazy\" decoding=\"async\" class=\"size-full wp-image-3284\" src=\"http:\/\/soldatenschicksale.de\/wp-content\/uploads\/2025\/02\/Max-Frommknecht.jpg\" alt=\"\" width=\"387\" height=\"800\" srcset=\"http:\/\/soldatenschicksale.de\/wp-content\/uploads\/2025\/02\/Max-Frommknecht.jpg 387w, http:\/\/soldatenschicksale.de\/wp-content\/uploads\/2025\/02\/Max-Frommknecht-145x300.jpg 145w\" sizes=\"auto, (max-width: 387px) 85vw, 387px\" \/><figcaption id=\"caption-attachment-3284\" class=\"wp-caption-text\">Das Grab von Max Frommknecht auf dem Soldatenfriedhof Ammerschwihr<\/figcaption><\/figure>\n","protected":false},"excerpt":{"rendered":"<p>Der Soldat Max Frommknecht wurde am 17.03.1886 in der bayerischen Gemeinde Wertach geboren. Im Ersten Weltkrieg k\u00e4mpfte er als Wehrmann in der 10. Kompanie des 3. bayerischen Landwehr-Infanterie-Regiments. Am 01.09.1914 fiel er im Alter von 28 Jahren w\u00e4hrend der Vogesenk\u00e4mpfe in Frankreich. Er wurde bei Drei \u00c4hren (franz\u00f6sisch: Trois-\u00c9pis) get\u00f6tet. \u00dcber den Todestag und die &hellip; <a href=\"http:\/\/soldatenschicksale.de\/?p=3282\" class=\"more-link\"><span class=\"screen-reader-text\">\u201eSoldatenschicksale des 1. Weltkrieges Teil 164: Max Frommknecht\u201c <\/span>weiterlesen<\/a><\/p>\n","protected":false},"author":2,"featured_media":0,"comment_status":"closed","ping_status":"open","sticky":false,"template":"","format":"standard","meta":{"footnotes":"","_wp_rev_ctl_limit":""},"categories":[1007,76,988,468,75],"tags":[1530,1479,21,30,1480,303,78,990,1529,994,1481,306,1259,1528,239],"class_list":["post-3282","post","type-post","status-publish","format-standard","hentry","category-1-weltkrieg","category-frankreich","category-grand-est","category-vogesen-elsass","category-westfront","tag-3-bayerisches-landwehr-infanterie-regiment","tag-ammerschwihr","tag-bayern","tag-denkmal","tag-drei-aehren","tag-elsass","tag-frankreich","tag-grand-est","tag-landwehrmann","tag-regimentsgeschichte","tag-trois-epis","tag-vogesen","tag-wehrmann","tag-wertach","tag-westfront"],"_links":{"self":[{"href":"http:\/\/soldatenschicksale.de\/index.php?rest_route=\/wp\/v2\/posts\/3282","targetHints":{"allow":["GET"]}}],"collection":[{"href":"http:\/\/soldatenschicksale.de\/index.php?rest_route=\/wp\/v2\/posts"}],"about":[{"href":"http:\/\/soldatenschicksale.de\/index.php?rest_route=\/wp\/v2\/types\/post"}],"author":[{"embeddable":true,"href":"http:\/\/soldatenschicksale.de\/index.php?rest_route=\/wp\/v2\/users\/2"}],"replies":[{"embeddable":true,"href":"http:\/\/soldatenschicksale.de\/index.php?rest_route=%2Fwp%2Fv2%2Fcomments&post=3282"}],"version-history":[{"count":3,"href":"http:\/\/soldatenschicksale.de\/index.php?rest_route=\/wp\/v2\/posts\/3282\/revisions"}],"predecessor-version":[{"id":3289,"href":"http:\/\/soldatenschicksale.de\/index.php?rest_route=\/wp\/v2\/posts\/3282\/revisions\/3289"}],"wp:attachment":[{"href":"http:\/\/soldatenschicksale.de\/index.php?rest_route=%2Fwp%2Fv2%2Fmedia&parent=3282"}],"wp:term":[{"taxonomy":"category","embeddable":true,"href":"http:\/\/soldatenschicksale.de\/index.php?rest_route=%2Fwp%2Fv2%2Fcategories&post=3282"},{"taxonomy":"post_tag","embeddable":true,"href":"http:\/\/soldatenschicksale.de\/index.php?rest_route=%2Fwp%2Fv2%2Ftags&post=3282"}],"curies":[{"name":"wp","href":"https:\/\/api.w.org\/{rel}","templated":true}]}}