{"id":3337,"date":"2025-02-05T00:00:48","date_gmt":"2025-02-04T23:00:48","guid":{"rendered":"http:\/\/soldatenschicksale.de\/?p=3337"},"modified":"2025-01-23T13:11:29","modified_gmt":"2025-01-23T12:11:29","slug":"soldatenschicksale-des-2-weltkrieges-teil-167-max-frommknecht","status":"publish","type":"post","link":"http:\/\/soldatenschicksale.de\/?p=3337","title":{"rendered":"Soldatenschicksale des 1. Weltkrieges Teil 167: Leonhard Trauner"},"content":{"rendered":"<p>Der Soldat Leonhard Trauner stammte aus <a href=\"https:\/\/de.wikipedia.org\/wiki\/Langweid_am_Lech\" target=\"_blank\" rel=\"noopener\">Langweid<\/a>, einem Ortsteil der bayerischen Gemeinde <a href=\"https:\/\/de.wikipedia.org\/wiki\/Langweid\" target=\"_blank\" rel=\"noopener\">Bidingen<\/a>. Im Ersten Weltkrieg k\u00e4mpfte er als Landsturmmann in der 1. Kompanie des 1. bayerischen Landwehr-Infanterie-Regiments. Am 17.10.1917 fiel er w\u00e4hrend der Stellungsk\u00e4mpfe im Oberelsass bei <a href=\"https:\/\/de.wikipedia.org\/wiki\/Munster_(Haut-Rhin)\" target=\"_blank\" rel=\"noopener\">M\u00fcnster<\/a> (franz\u00f6sisch: Munster, elsessisch: Menschter) in den Vogesen.<\/p>\n<p>\u00dcber den Zeitraum des Todes und die Todesumst\u00e4nde berichtet die Regimentsgeschichte des 1. bayerischen Landwehr-Infanterie-Regiments:<\/p>\n<blockquote><p><em>&#8222;Der Monat Oktober brachte wenig \u00c4nderungen. Der Feind verhielt sich verh\u00e4ltnism\u00e4\u00dfig ruhig, war aber auf seiner Hut, so dass verschiedene Versuche, durch Patrouillen Gefangene zu machen, missgl\u00fcckten. Die Ruhe auf diesem Frontabschnitt f\u00fchrte dazu, dass die Frontausdehnung der einzelnen Unterabschnitte immer mehr wuchs. So musste zufolge Divisionsverf\u00fcgung am 14. Oktober der Brigadeabschnitt Drei \u00c4hren zwei Kompanieabschnitte des links anschlie\u00dfenden Brigadeabschnittes M\u00fcnster \u00fcbernehmen. Durch diese weitere Ausdehnung wurde innerhalb des Regimentsabschnittes folgende Neueinteilung notwendig:<\/em><\/p>\n<p><em>Abschnitt Eichenrain (33) in seiner bisherigen Ausdehnung wird in zwei Kompanieabschnitte a und b eingeteilt (bisher 3).<\/em><\/p>\n<p><em>Abschnitt Lingekopf-Schratzm\u00e4nnele (35) wird um einen Kompanieabschnitt von 42 vergr\u00f6\u00dfert und ist in vier Kompanieabschnitte eingeteilt (also aus 5 sind 4 gemacht).<\/em><\/p>\n<p><em>Abschnitt 42 erh\u00e4lt die neu \u00fcbernommenen Kompanieabschnitte 44 a und b (Eichwald und Katzensteine); der Bataillonsabschnitt wird ebenfalls in drei Kompanieabschnitte (statt bisher 4) eingeteilt. Nach der gleichen Verf\u00fcgung wurde dem Brigadeabschnitt Drei \u00c4hren vom Brigadeabschnitt Alsbach das Landsturm-Infanterie-Bataillon Ansbch und dagegen Landsturm-Infanterie-Bataillon Neustadt dorthin abgegeben.<\/em><\/p>\n<p><em>Im Regimentsbereich waren noch eingeteilt der Sch\u00fctzenzug der 2.\/2. Chev. Rgts.<\/em><\/p>\n<p><em>Im Oktober wurden die Teilnehmer an der Patrouille Sick vom 26. September entsprechend ausgezeichnet, n\u00e4mlich Landsturmmann Birnhuber mit dem Eisernen Kreuz 1. Klasse, weitere sechs Mann mit dem Eisernen Kreuz 2. Klasse, Sick und Birnhuber wurden im Divisions-Tagesbefehl lobend erw\u00e4hnt.&#8220;<\/em><\/p><\/blockquote>\n<p>Man begrub Leonhard Trauner auf dem Soldatenfriedhof <span data-sheets-root=\"1\"><a class=\"in-cell-link\" href=\"https:\/\/www.google.de\/maps\/place\/Ammerschwihr,+Frankreich\/@48.1167085,7.2318824,13z\/data=!3m1!4b1!4m5!3m4!1s0x479161162b7e2d4f:0x40a5fb99a3940d0!8m2!3d48.1256119!4d7.281956\" target=\"_blank\" rel=\"noopener\">Ammerschwihr<\/a><\/span> in <span data-sheets-root=\"1\">Grab 248.<\/span><\/p>\n<figure id=\"attachment_3299\" aria-describedby=\"caption-attachment-3299\" style=\"width: 498px\" class=\"wp-caption aligncenter\"><img loading=\"lazy\" decoding=\"async\" class=\"size-full wp-image-3299\" src=\"http:\/\/soldatenschicksale.de\/wp-content\/uploads\/2025\/01\/Leonhard-Trauner.jpg\" alt=\"\" width=\"498\" height=\"800\" srcset=\"http:\/\/soldatenschicksale.de\/wp-content\/uploads\/2025\/01\/Leonhard-Trauner.jpg 498w, http:\/\/soldatenschicksale.de\/wp-content\/uploads\/2025\/01\/Leonhard-Trauner-187x300.jpg 187w\" sizes=\"auto, (max-width: 498px) 85vw, 498px\" \/><figcaption id=\"caption-attachment-3299\" class=\"wp-caption-text\">Das Grab von Leonhard Trauner auf dem Soldatenfriedhof Ammerschwihr<\/figcaption><\/figure>\n","protected":false},"excerpt":{"rendered":"<p>Der Soldat Leonhard Trauner stammte aus Langweid, einem Ortsteil der bayerischen Gemeinde Bidingen. Im Ersten Weltkrieg k\u00e4mpfte er als Landsturmmann in der 1. Kompanie des 1. bayerischen Landwehr-Infanterie-Regiments. Am 17.10.1917 fiel er w\u00e4hrend der Stellungsk\u00e4mpfe im Oberelsass bei M\u00fcnster (franz\u00f6sisch: Munster, elsessisch: Menschter) in den Vogesen. \u00dcber den Zeitraum des Todes und die Todesumst\u00e4nde berichtet &hellip; <a href=\"http:\/\/soldatenschicksale.de\/?p=3337\" class=\"more-link\"><span class=\"screen-reader-text\">\u201eSoldatenschicksale des 1. Weltkrieges Teil 167: Leonhard Trauner\u201c <\/span>weiterlesen<\/a><\/p>\n","protected":false},"author":2,"featured_media":0,"comment_status":"closed","ping_status":"open","sticky":false,"template":"","format":"standard","meta":{"footnotes":"","_wp_rev_ctl_limit":""},"categories":[1007,76,988,468,75],"tags":[1495,1479,303,78,990,1094,1526,1486,1488,306,239],"class_list":["post-3337","post","type-post","status-publish","format-standard","hentry","category-1-weltkrieg","category-frankreich","category-grand-est","category-vogesen-elsass","category-westfront","tag-1-bayerisches-landwehr-infanterie-regiment","tag-ammerschwihr","tag-elsass","tag-frankreich","tag-grand-est","tag-landsturmmann","tag-menschter","tag-muenster","tag-stellungskaempfe-im-oberelsass","tag-vogesen","tag-westfront"],"_links":{"self":[{"href":"http:\/\/soldatenschicksale.de\/index.php?rest_route=\/wp\/v2\/posts\/3337","targetHints":{"allow":["GET"]}}],"collection":[{"href":"http:\/\/soldatenschicksale.de\/index.php?rest_route=\/wp\/v2\/posts"}],"about":[{"href":"http:\/\/soldatenschicksale.de\/index.php?rest_route=\/wp\/v2\/types\/post"}],"author":[{"embeddable":true,"href":"http:\/\/soldatenschicksale.de\/index.php?rest_route=\/wp\/v2\/users\/2"}],"replies":[{"embeddable":true,"href":"http:\/\/soldatenschicksale.de\/index.php?rest_route=%2Fwp%2Fv2%2Fcomments&post=3337"}],"version-history":[{"count":3,"href":"http:\/\/soldatenschicksale.de\/index.php?rest_route=\/wp\/v2\/posts\/3337\/revisions"}],"predecessor-version":[{"id":3380,"href":"http:\/\/soldatenschicksale.de\/index.php?rest_route=\/wp\/v2\/posts\/3337\/revisions\/3380"}],"wp:attachment":[{"href":"http:\/\/soldatenschicksale.de\/index.php?rest_route=%2Fwp%2Fv2%2Fmedia&parent=3337"}],"wp:term":[{"taxonomy":"category","embeddable":true,"href":"http:\/\/soldatenschicksale.de\/index.php?rest_route=%2Fwp%2Fv2%2Fcategories&post=3337"},{"taxonomy":"post_tag","embeddable":true,"href":"http:\/\/soldatenschicksale.de\/index.php?rest_route=%2Fwp%2Fv2%2Ftags&post=3337"}],"curies":[{"name":"wp","href":"https:\/\/api.w.org\/{rel}","templated":true}]}}