{"id":3349,"date":"2025-02-06T00:00:54","date_gmt":"2025-02-05T23:00:54","guid":{"rendered":"http:\/\/soldatenschicksale.de\/?p=3349"},"modified":"2025-01-23T13:11:41","modified_gmt":"2025-01-23T12:11:41","slug":"soldatenschicksale-des-2-weltkrieges-teil-168-kaspar-miehle","status":"publish","type":"post","link":"http:\/\/soldatenschicksale.de\/?p=3349","title":{"rendered":"Soldatenschicksale des 1. Weltkrieges Teil 168: Kaspar Miehle"},"content":{"rendered":"<p>Der Soldat Kaspar Miehle stammte aus der bayerischen Stadt <a href=\"https:\/\/de.wikipedia.org\/wiki\/Augsburg\" target=\"_blank\" rel=\"noopener\">Augsburg<\/a>. Im Ersten Weltkrieg k\u00e4mpfte er als Ersatz-Reservist in der 12. Kompanie des 1. bayerischen Landwehr-Infanterie-Regiments. Am 05.12.1917 fiel er n\u00f6rdlich der els\u00e4ssischen Stadt <a href=\"https:\/\/de.wikipedia.org\/wiki\/Munster_(Haut-Rhin)\" target=\"_blank\" rel=\"noopener\">M\u00fcnster<\/a> (franz\u00f6sisch: Munster, els\u00e4ssisch: Menschter).<\/p>\n<figure id=\"attachment_3355\" aria-describedby=\"caption-attachment-3355\" style=\"width: 971px\" class=\"wp-caption aligncenter\"><img loading=\"lazy\" decoding=\"async\" class=\"size-full wp-image-3355\" src=\"http:\/\/soldatenschicksale.de\/wp-content\/uploads\/2025\/02\/Feldpater-Emmert-haelt-Gottesdienst.jpg\" alt=\"\" width=\"971\" height=\"665\" srcset=\"http:\/\/soldatenschicksale.de\/wp-content\/uploads\/2025\/02\/Feldpater-Emmert-haelt-Gottesdienst.jpg 971w, http:\/\/soldatenschicksale.de\/wp-content\/uploads\/2025\/02\/Feldpater-Emmert-haelt-Gottesdienst-300x205.jpg 300w, http:\/\/soldatenschicksale.de\/wp-content\/uploads\/2025\/02\/Feldpater-Emmert-haelt-Gottesdienst-768x526.jpg 768w\" sizes=\"auto, (max-width: 709px) 85vw, (max-width: 909px) 67vw, (max-width: 1362px) 62vw, 840px\" \/><figcaption id=\"caption-attachment-3355\" class=\"wp-caption-text\">Feldpater Emmert h\u00e4lt Feldgottesdienst &#8211; Bataillon 1. bayerisches Landwehr-Infanterie-Regiment bei den Juli-August-Angriffen der Franzosen am Lingekopf 1915 unmittelbar vor dem Angriff<\/figcaption><\/figure>\n<p>Man begrub Kaspar Miehle auf dem Soldatenfriedhof <span data-sheets-root=\"1\"><a class=\"in-cell-link\" href=\"https:\/\/www.google.de\/maps\/place\/Ammerschwihr,+Frankreich\/@48.1167085,7.2318824,13z\/data=!3m1!4b1!4m5!3m4!1s0x479161162b7e2d4f:0x40a5fb99a3940d0!8m2!3d48.1256119!4d7.281956\" target=\"_blank\" rel=\"noopener\">Ammerschwihr<\/a><\/span> in <span data-sheets-root=\"1\">Grab 249.<\/span><\/p>\n<figure id=\"attachment_3300\" aria-describedby=\"caption-attachment-3300\" style=\"width: 441px\" class=\"wp-caption aligncenter\"><img loading=\"lazy\" decoding=\"async\" class=\"size-full wp-image-3300\" src=\"http:\/\/soldatenschicksale.de\/wp-content\/uploads\/2025\/01\/Kaspar-Miehle.jpg\" alt=\"\" width=\"441\" height=\"800\" srcset=\"http:\/\/soldatenschicksale.de\/wp-content\/uploads\/2025\/01\/Kaspar-Miehle.jpg 441w, http:\/\/soldatenschicksale.de\/wp-content\/uploads\/2025\/01\/Kaspar-Miehle-165x300.jpg 165w\" sizes=\"auto, (max-width: 441px) 85vw, 441px\" \/><figcaption id=\"caption-attachment-3300\" class=\"wp-caption-text\">Das Grab von Kaspar Miehle auf dem Soldatenfriedhof Ammerschwihr<\/figcaption><\/figure>\n","protected":false},"excerpt":{"rendered":"<p>Der Soldat Kaspar Miehle stammte aus der bayerischen Stadt Augsburg. Im Ersten Weltkrieg k\u00e4mpfte er als Ersatz-Reservist in der 12. Kompanie des 1. bayerischen Landwehr-Infanterie-Regiments. Am 05.12.1917 fiel er n\u00f6rdlich der els\u00e4ssischen Stadt M\u00fcnster (franz\u00f6sisch: Munster, els\u00e4ssisch: Menschter). Man begrub Kaspar Miehle auf dem Soldatenfriedhof Ammerschwihr in Grab 249.<\/p>\n","protected":false},"author":2,"featured_media":0,"comment_status":"closed","ping_status":"open","sticky":false,"template":"","format":"standard","meta":{"footnotes":"","_wp_rev_ctl_limit":""},"categories":[1007,76,988,468,75],"tags":[1495,1479,972,21,303,1326,78,990,1526,1486,306,239],"class_list":["post-3349","post","type-post","status-publish","format-standard","hentry","category-1-weltkrieg","category-frankreich","category-grand-est","category-vogesen-elsass","category-westfront","tag-1-bayerisches-landwehr-infanterie-regiment","tag-ammerschwihr","tag-augsburg","tag-bayern","tag-elsass","tag-ersatz-reservist","tag-frankreich","tag-grand-est","tag-menschter","tag-muenster","tag-vogesen","tag-westfront"],"_links":{"self":[{"href":"http:\/\/soldatenschicksale.de\/index.php?rest_route=\/wp\/v2\/posts\/3349","targetHints":{"allow":["GET"]}}],"collection":[{"href":"http:\/\/soldatenschicksale.de\/index.php?rest_route=\/wp\/v2\/posts"}],"about":[{"href":"http:\/\/soldatenschicksale.de\/index.php?rest_route=\/wp\/v2\/types\/post"}],"author":[{"embeddable":true,"href":"http:\/\/soldatenschicksale.de\/index.php?rest_route=\/wp\/v2\/users\/2"}],"replies":[{"embeddable":true,"href":"http:\/\/soldatenschicksale.de\/index.php?rest_route=%2Fwp%2Fv2%2Fcomments&post=3349"}],"version-history":[{"count":3,"href":"http:\/\/soldatenschicksale.de\/index.php?rest_route=\/wp\/v2\/posts\/3349\/revisions"}],"predecessor-version":[{"id":3381,"href":"http:\/\/soldatenschicksale.de\/index.php?rest_route=\/wp\/v2\/posts\/3349\/revisions\/3381"}],"wp:attachment":[{"href":"http:\/\/soldatenschicksale.de\/index.php?rest_route=%2Fwp%2Fv2%2Fmedia&parent=3349"}],"wp:term":[{"taxonomy":"category","embeddable":true,"href":"http:\/\/soldatenschicksale.de\/index.php?rest_route=%2Fwp%2Fv2%2Fcategories&post=3349"},{"taxonomy":"post_tag","embeddable":true,"href":"http:\/\/soldatenschicksale.de\/index.php?rest_route=%2Fwp%2Fv2%2Ftags&post=3349"}],"curies":[{"name":"wp","href":"https:\/\/api.w.org\/{rel}","templated":true}]}}