{"id":3369,"date":"2025-02-08T00:00:21","date_gmt":"2025-02-07T23:00:21","guid":{"rendered":"http:\/\/soldatenschicksale.de\/?p=3369"},"modified":"2025-01-23T13:12:07","modified_gmt":"2025-01-23T12:12:07","slug":"soldatenschicksale-des-2-weltkrieges-teil-170-johann-mathaeus-werner","status":"publish","type":"post","link":"http:\/\/soldatenschicksale.de\/?p=3369","title":{"rendered":"Soldatenschicksale des 1. Weltkrieges Teil 170: Johann Math\u00e4us Werner"},"content":{"rendered":"<p>Der Soldat Johann Math\u00e4us Werner stammte aus der bayerischen Stadt <a href=\"https:\/\/de.wikipedia.org\/wiki\/Landsberg_am_Lech\" target=\"_blank\" rel=\"noopener\">Landsberg am Lech<\/a>. Im Ersten Weltkrieg k\u00e4mpfte er als Leutnant. Am 27.09.1917 fiel er w\u00e4hrend der K\u00e4mpfe in den Vogesen n\u00f6rdlich der Stadt <a href=\"https:\/\/de.wikipedia.org\/wiki\/Munster_(Haut-Rhin)\" target=\"_blank\" rel=\"noopener\">M\u00fcnster<\/a> (franz\u00f6sisch: Munster, els\u00e4ssisch: Menschter).<\/p>\n<p>Man begrub Johann Math\u00e4us Werner auf dem Soldatenfriedhof <span data-sheets-root=\"1\"><a class=\"in-cell-link\" href=\"https:\/\/www.google.de\/maps\/place\/Ammerschwihr,+Frankreich\/@48.1167085,7.2318824,13z\/data=!3m1!4b1!4m5!3m4!1s0x479161162b7e2d4f:0x40a5fb99a3940d0!8m2!3d48.1256119!4d7.281956\" target=\"_blank\" rel=\"noopener\">Ammerschwihr<\/a><\/span> in <span data-sheets-root=\"1\">Grab 143.<\/span><\/p>\n<figure id=\"attachment_3302\" aria-describedby=\"caption-attachment-3302\" style=\"width: 507px\" class=\"wp-caption aligncenter\"><img loading=\"lazy\" decoding=\"async\" class=\"size-full wp-image-3302\" src=\"http:\/\/soldatenschicksale.de\/wp-content\/uploads\/2025\/01\/Johann-Werner.jpg\" alt=\"\" width=\"507\" height=\"800\" srcset=\"http:\/\/soldatenschicksale.de\/wp-content\/uploads\/2025\/01\/Johann-Werner.jpg 507w, http:\/\/soldatenschicksale.de\/wp-content\/uploads\/2025\/01\/Johann-Werner-190x300.jpg 190w\" sizes=\"auto, (max-width: 507px) 85vw, 507px\" \/><figcaption id=\"caption-attachment-3302\" class=\"wp-caption-text\">Das Grab von Johann Math\u00e4us Werner auf dem Soldatenfriedhof Ammerschwihr<\/figcaption><\/figure>\n","protected":false},"excerpt":{"rendered":"<p>Der Soldat Johann Math\u00e4us Werner stammte aus der bayerischen Stadt Landsberg am Lech. Im Ersten Weltkrieg k\u00e4mpfte er als Leutnant. Am 27.09.1917 fiel er w\u00e4hrend der K\u00e4mpfe in den Vogesen n\u00f6rdlich der Stadt M\u00fcnster (franz\u00f6sisch: Munster, els\u00e4ssisch: Menschter). Man begrub Johann Math\u00e4us Werner auf dem Soldatenfriedhof Ammerschwihr in Grab 143.<\/p>\n","protected":false},"author":2,"featured_media":0,"comment_status":"closed","ping_status":"open","sticky":false,"template":"","format":"standard","meta":{"footnotes":"","_wp_rev_ctl_limit":""},"categories":[1007,76,988,468,75],"tags":[1479,21,303,78,990,1538,1539,1000,1526,1486,306,239],"class_list":["post-3369","post","type-post","status-publish","format-standard","hentry","category-1-weltkrieg","category-frankreich","category-grand-est","category-vogesen-elsass","category-westfront","tag-ammerschwihr","tag-bayern","tag-elsass","tag-frankreich","tag-grand-est","tag-landsberg","tag-landsberg-am-lech","tag-leutnant","tag-menschter","tag-muenster","tag-vogesen","tag-westfront"],"_links":{"self":[{"href":"http:\/\/soldatenschicksale.de\/index.php?rest_route=\/wp\/v2\/posts\/3369","targetHints":{"allow":["GET"]}}],"collection":[{"href":"http:\/\/soldatenschicksale.de\/index.php?rest_route=\/wp\/v2\/posts"}],"about":[{"href":"http:\/\/soldatenschicksale.de\/index.php?rest_route=\/wp\/v2\/types\/post"}],"author":[{"embeddable":true,"href":"http:\/\/soldatenschicksale.de\/index.php?rest_route=\/wp\/v2\/users\/2"}],"replies":[{"embeddable":true,"href":"http:\/\/soldatenschicksale.de\/index.php?rest_route=%2Fwp%2Fv2%2Fcomments&post=3369"}],"version-history":[{"count":3,"href":"http:\/\/soldatenschicksale.de\/index.php?rest_route=\/wp\/v2\/posts\/3369\/revisions"}],"predecessor-version":[{"id":3383,"href":"http:\/\/soldatenschicksale.de\/index.php?rest_route=\/wp\/v2\/posts\/3369\/revisions\/3383"}],"wp:attachment":[{"href":"http:\/\/soldatenschicksale.de\/index.php?rest_route=%2Fwp%2Fv2%2Fmedia&parent=3369"}],"wp:term":[{"taxonomy":"category","embeddable":true,"href":"http:\/\/soldatenschicksale.de\/index.php?rest_route=%2Fwp%2Fv2%2Fcategories&post=3369"},{"taxonomy":"post_tag","embeddable":true,"href":"http:\/\/soldatenschicksale.de\/index.php?rest_route=%2Fwp%2Fv2%2Ftags&post=3369"}],"curies":[{"name":"wp","href":"https:\/\/api.w.org\/{rel}","templated":true}]}}