{"id":3405,"date":"2025-02-11T00:00:03","date_gmt":"2025-02-10T23:00:03","guid":{"rendered":"http:\/\/soldatenschicksale.de\/?p=3405"},"modified":"2025-01-24T09:39:55","modified_gmt":"2025-01-24T08:39:55","slug":"soldatenschicksale-des-2-weltkrieges-teil-172-alfred-dietz","status":"publish","type":"post","link":"http:\/\/soldatenschicksale.de\/?p=3405","title":{"rendered":"Soldatenschicksale des 1. Weltkrieges Teil 172: Alfred Dietz"},"content":{"rendered":"<p>Der Soldat Alfred Dietz stammte aus Forsthaus Eichwald bei der franz\u00f6sischen Ortschaft <a href=\"https:\/\/de.wikipedia.org\/wiki\/Molsheim\" target=\"_blank\" rel=\"noopener\">Molsheim<\/a>. Im Ersten Weltkrieg k\u00e4mpfte er als Gefreiter in der 4. Kompanie des 8. Reserve-J\u00e4ger-Bataillons. Am 31.08.1915 fiel er n\u00f6rdlich der Stadt <a href=\"https:\/\/de.wikipedia.org\/wiki\/Munster_(Haut-Rhin)\" target=\"_blank\" rel=\"noopener\">M\u00fcnster<\/a> (franz\u00f6sisch: Munster, els\u00e4ssisch: Menschter).<\/p>\n<p>Man begrub Alfred Dietz auf dem Soldatenfriedhof <span data-sheets-root=\"1\"><a class=\"in-cell-link\" href=\"https:\/\/www.google.de\/maps\/place\/Ammerschwihr,+Frankreich\/@48.1167085,7.2318824,13z\/data=!3m1!4b1!4m5!3m4!1s0x479161162b7e2d4f:0x40a5fb99a3940d0!8m2!3d48.1256119!4d7.281956\" target=\"_blank\" rel=\"noopener\">Ammerschwihr<\/a><\/span> in <span data-sheets-root=\"1\">Grab 270.<\/span><\/p>\n<figure id=\"attachment_3305\" aria-describedby=\"caption-attachment-3305\" style=\"width: 534px\" class=\"wp-caption aligncenter\"><img loading=\"lazy\" decoding=\"async\" class=\"size-full wp-image-3305\" src=\"http:\/\/soldatenschicksale.de\/wp-content\/uploads\/2025\/01\/Alfred-Dietz.jpg\" alt=\"\" width=\"534\" height=\"800\" srcset=\"http:\/\/soldatenschicksale.de\/wp-content\/uploads\/2025\/01\/Alfred-Dietz.jpg 534w, http:\/\/soldatenschicksale.de\/wp-content\/uploads\/2025\/01\/Alfred-Dietz-200x300.jpg 200w\" sizes=\"auto, (max-width: 534px) 85vw, 534px\" \/><figcaption id=\"caption-attachment-3305\" class=\"wp-caption-text\">Das Grab von Alfred Dietz auf dem Soldatenfriedhof Alfred Dietz<\/figcaption><\/figure>\n","protected":false},"excerpt":{"rendered":"<p>Der Soldat Alfred Dietz stammte aus Forsthaus Eichwald bei der franz\u00f6sischen Ortschaft Molsheim. Im Ersten Weltkrieg k\u00e4mpfte er als Gefreiter in der 4. Kompanie des 8. Reserve-J\u00e4ger-Bataillons. Am 31.08.1915 fiel er n\u00f6rdlich der Stadt M\u00fcnster (franz\u00f6sisch: Munster, els\u00e4ssisch: Menschter). Man begrub Alfred Dietz auf dem Soldatenfriedhof Ammerschwihr in Grab 270.<\/p>\n","protected":false},"author":2,"featured_media":0,"comment_status":"closed","ping_status":"open","sticky":false,"template":"","format":"standard","meta":{"footnotes":"","_wp_rev_ctl_limit":""},"categories":[1007,76,988,468,75],"tags":[1547,1479,303,1546,78,11,1526,1545,1486,306,1496],"class_list":["post-3405","post","type-post","status-publish","format-standard","hentry","category-1-weltkrieg","category-frankreich","category-grand-est","category-vogesen-elsass","category-westfront","tag-8-reserve-jaeger-bataillon","tag-ammerschwihr","tag-elsass","tag-forsthaus-eichwald","tag-frankreich","tag-gefreiter","tag-menschter","tag-molsheim","tag-muenster","tag-vogesen","tag-vogesenkaempfe"],"_links":{"self":[{"href":"http:\/\/soldatenschicksale.de\/index.php?rest_route=\/wp\/v2\/posts\/3405","targetHints":{"allow":["GET"]}}],"collection":[{"href":"http:\/\/soldatenschicksale.de\/index.php?rest_route=\/wp\/v2\/posts"}],"about":[{"href":"http:\/\/soldatenschicksale.de\/index.php?rest_route=\/wp\/v2\/types\/post"}],"author":[{"embeddable":true,"href":"http:\/\/soldatenschicksale.de\/index.php?rest_route=\/wp\/v2\/users\/2"}],"replies":[{"embeddable":true,"href":"http:\/\/soldatenschicksale.de\/index.php?rest_route=%2Fwp%2Fv2%2Fcomments&post=3405"}],"version-history":[{"count":3,"href":"http:\/\/soldatenschicksale.de\/index.php?rest_route=\/wp\/v2\/posts\/3405\/revisions"}],"predecessor-version":[{"id":3410,"href":"http:\/\/soldatenschicksale.de\/index.php?rest_route=\/wp\/v2\/posts\/3405\/revisions\/3410"}],"wp:attachment":[{"href":"http:\/\/soldatenschicksale.de\/index.php?rest_route=%2Fwp%2Fv2%2Fmedia&parent=3405"}],"wp:term":[{"taxonomy":"category","embeddable":true,"href":"http:\/\/soldatenschicksale.de\/index.php?rest_route=%2Fwp%2Fv2%2Fcategories&post=3405"},{"taxonomy":"post_tag","embeddable":true,"href":"http:\/\/soldatenschicksale.de\/index.php?rest_route=%2Fwp%2Fv2%2Ftags&post=3405"}],"curies":[{"name":"wp","href":"https:\/\/api.w.org\/{rel}","templated":true}]}}