{"id":3411,"date":"2025-02-12T00:00:58","date_gmt":"2025-02-11T23:00:58","guid":{"rendered":"http:\/\/soldatenschicksale.de\/?p=3411"},"modified":"2025-01-24T10:36:28","modified_gmt":"2025-01-24T09:36:28","slug":"soldatenschicksale-des-1-weltkrieges-teil-173-august-reizele","status":"publish","type":"post","link":"http:\/\/soldatenschicksale.de\/?p=3411","title":{"rendered":"Soldatenschicksale des 1. Weltkrieges Teil 173: August Reizele"},"content":{"rendered":"<p>Der Soldat August Reizele wurde am 24.09.1885 in der bayerischen Landeshauptstadt <a href=\"https:\/\/de.wikipedia.org\/wiki\/M%C3%BCnchen\" target=\"_blank\" rel=\"noopener\">M\u00fcnchen<\/a> geboren. Im Ersten Weltkrieg k\u00e4mpfte er als Ersatz-Reservist in der 5. Kompanie des 1. bayerischen Landwehr-Infanterie-Regiments. Am 16.07.1917 verstarb er nach schwerer Verwundung am Schratzm\u00e4nnele im Alter von 31 Jahren bei eine Sanit\u00e4ts-Kompanie nahe der Ortschaft <a href=\"https:\/\/de.wikipedia.org\/wiki\/Trois-%C3%89pis\" target=\"_blank\" rel=\"noopener\">Drei \u00c4hren<\/a>.<\/p>\n<p>Man begrub August Reizele auf dem Soldatenfriedhof<\/p>\n<figure id=\"attachment_3306\" aria-describedby=\"caption-attachment-3306\" style=\"width: 872px\" class=\"wp-caption aligncenter\"><img loading=\"lazy\" decoding=\"async\" class=\"size-full wp-image-3306\" src=\"http:\/\/soldatenschicksale.de\/wp-content\/uploads\/2025\/01\/Erich-Reizele.jpg\" alt=\"\" width=\"872\" height=\"1000\" srcset=\"http:\/\/soldatenschicksale.de\/wp-content\/uploads\/2025\/01\/Erich-Reizele.jpg 872w, http:\/\/soldatenschicksale.de\/wp-content\/uploads\/2025\/01\/Erich-Reizele-262x300.jpg 262w, http:\/\/soldatenschicksale.de\/wp-content\/uploads\/2025\/01\/Erich-Reizele-768x881.jpg 768w\" sizes=\"auto, (max-width: 709px) 85vw, (max-width: 909px) 67vw, (max-width: 1362px) 62vw, 840px\" \/><figcaption id=\"caption-attachment-3306\" class=\"wp-caption-text\">Das Grab von August Reizele auf dem Soldatenfriedhof Ammerschwihr<\/figcaption><\/figure>\n","protected":false},"excerpt":{"rendered":"<p>Der Soldat August Reizele wurde am 24.09.1885 in der bayerischen Landeshauptstadt M\u00fcnchen geboren. Im Ersten Weltkrieg k\u00e4mpfte er als Ersatz-Reservist in der 5. Kompanie des 1. bayerischen Landwehr-Infanterie-Regiments. Am 16.07.1917 verstarb er nach schwerer Verwundung am Schratzm\u00e4nnele im Alter von 31 Jahren bei eine Sanit\u00e4ts-Kompanie nahe der Ortschaft Drei \u00c4hren. Man begrub August Reizele auf &hellip; <a href=\"http:\/\/soldatenschicksale.de\/?p=3411\" class=\"more-link\"><span class=\"screen-reader-text\">\u201eSoldatenschicksale des 1. Weltkrieges Teil 173: August Reizele\u201c <\/span>weiterlesen<\/a><\/p>\n","protected":false},"author":2,"featured_media":0,"comment_status":"closed","ping_status":"open","sticky":false,"template":"","format":"standard","meta":{"footnotes":"","_wp_rev_ctl_limit":""},"categories":[1007,76,988,468,75],"tags":[1495,21,1480,303,1326,78,990,1006,227,260,1487,355,1481,306,239],"class_list":["post-3411","post","type-post","status-publish","format-standard","hentry","category-1-weltkrieg","category-frankreich","category-grand-est","category-vogesen-elsass","category-westfront","tag-1-bayerisches-landwehr-infanterie-regiment","tag-bayern","tag-drei-aehren","tag-elsass","tag-ersatz-reservist","tag-frankreich","tag-grand-est","tag-landeshauptstadt","tag-muenchen","tag-sanitaets-kompanie","tag-schratzmaennele","tag-schwer-verwundet","tag-trois-epis","tag-vogesen","tag-westfront"],"_links":{"self":[{"href":"http:\/\/soldatenschicksale.de\/index.php?rest_route=\/wp\/v2\/posts\/3411","targetHints":{"allow":["GET"]}}],"collection":[{"href":"http:\/\/soldatenschicksale.de\/index.php?rest_route=\/wp\/v2\/posts"}],"about":[{"href":"http:\/\/soldatenschicksale.de\/index.php?rest_route=\/wp\/v2\/types\/post"}],"author":[{"embeddable":true,"href":"http:\/\/soldatenschicksale.de\/index.php?rest_route=\/wp\/v2\/users\/2"}],"replies":[{"embeddable":true,"href":"http:\/\/soldatenschicksale.de\/index.php?rest_route=%2Fwp%2Fv2%2Fcomments&post=3411"}],"version-history":[{"count":3,"href":"http:\/\/soldatenschicksale.de\/index.php?rest_route=\/wp\/v2\/posts\/3411\/revisions"}],"predecessor-version":[{"id":3418,"href":"http:\/\/soldatenschicksale.de\/index.php?rest_route=\/wp\/v2\/posts\/3411\/revisions\/3418"}],"wp:attachment":[{"href":"http:\/\/soldatenschicksale.de\/index.php?rest_route=%2Fwp%2Fv2%2Fmedia&parent=3411"}],"wp:term":[{"taxonomy":"category","embeddable":true,"href":"http:\/\/soldatenschicksale.de\/index.php?rest_route=%2Fwp%2Fv2%2Fcategories&post=3411"},{"taxonomy":"post_tag","embeddable":true,"href":"http:\/\/soldatenschicksale.de\/index.php?rest_route=%2Fwp%2Fv2%2Ftags&post=3411"}],"curies":[{"name":"wp","href":"https:\/\/api.w.org\/{rel}","templated":true}]}}