{"id":3710,"date":"2025-02-28T00:00:10","date_gmt":"2025-02-27T23:00:10","guid":{"rendered":"http:\/\/soldatenschicksale.de\/?p=3710"},"modified":"2025-02-01T08:20:55","modified_gmt":"2025-02-01T07:20:55","slug":"soldatenschicksale-des-1-weltkrieges-teil-189-josef-kail","status":"publish","type":"post","link":"http:\/\/soldatenschicksale.de\/?p=3710","title":{"rendered":"Soldatenschicksale des 1. Weltkrieges Teil 189: Josef Kail"},"content":{"rendered":"<p>Der Soldat Josef Kail stammte aus <a href=\"https:\/\/de.wikipedia.org\/wiki\/Oberweier_(Friesenheim)\" target=\"_blank\" rel=\"noopener\">Oberweier<\/a>, einem Ortsteil der Gemeinde <a href=\"https:\/\/de.wikipedia.org\/wiki\/Friesenheim_(Baden)\" target=\"_blank\" rel=\"noopener\">Friesenheim<\/a> im heutigen Bundesland Baden-W\u00fcrttemberg. Im Ersten Weltkrieg k\u00e4mpfte er als Armierungs-Soldat in der 5. Kompanie des 64. Armierungs-Bataillons. Am 08.08.1915 verstarb er bei <a href=\"https:\/\/de.wikipedia.org\/wiki\/Trois-%C3%89pis\" target=\"_blank\" rel=\"noopener\">Drei \u00c4hren<\/a> (franz\u00f6sisch: Trois-\u00c9pis), nachdem er zuvor n\u00f6rdlich von M\u00fcnster (franz\u00f6sisch: Munster, els\u00e4ssisch: Menschter) schwer verwundet worden war.<\/p>\n<p>Man begrub Josef Kail auf dem Soldatenfriedhof <span data-sheets-root=\"1\"><a class=\"in-cell-link\" href=\"https:\/\/www.google.de\/maps\/place\/Ammerschwihr,+Frankreich\/@48.1167085,7.2318824,13z\/data=!3m1!4b1!4m5!3m4!1s0x479161162b7e2d4f:0x40a5fb99a3940d0!8m2!3d48.1256119!4d7.281956\" target=\"_blank\" rel=\"noopener\">Ammerschwihr<\/a><\/span> in <span data-sheets-root=\"1\">Grab 72.<\/span><\/p>\n<figure id=\"attachment_3329\" aria-describedby=\"caption-attachment-3329\" style=\"width: 507px\" class=\"wp-caption aligncenter\"><img loading=\"lazy\" decoding=\"async\" class=\"size-full wp-image-3329\" src=\"http:\/\/soldatenschicksale.de\/wp-content\/uploads\/2025\/01\/Josef-Kail.jpg\" alt=\"\" width=\"507\" height=\"800\" srcset=\"http:\/\/soldatenschicksale.de\/wp-content\/uploads\/2025\/01\/Josef-Kail.jpg 507w, http:\/\/soldatenschicksale.de\/wp-content\/uploads\/2025\/01\/Josef-Kail-190x300.jpg 190w\" sizes=\"auto, (max-width: 507px) 85vw, 507px\" \/><figcaption id=\"caption-attachment-3329\" class=\"wp-caption-text\">Das Grab von Josef Kail auf dem Soldatenfriedhof Ammerschwihr<\/figcaption><\/figure>\n","protected":false},"excerpt":{"rendered":"<p>Der Soldat Josef Kail stammte aus Oberweier, einem Ortsteil der Gemeinde Friesenheim im heutigen Bundesland Baden-W\u00fcrttemberg. Im Ersten Weltkrieg k\u00e4mpfte er als Armierungs-Soldat in der 5. Kompanie des 64. Armierungs-Bataillons. Am 08.08.1915 verstarb er bei Drei \u00c4hren (franz\u00f6sisch: Trois-\u00c9pis), nachdem er zuvor n\u00f6rdlich von M\u00fcnster (franz\u00f6sisch: Munster, els\u00e4ssisch: Menschter) schwer verwundet worden war. Man begrub &hellip; <a href=\"http:\/\/soldatenschicksale.de\/?p=3710\" class=\"more-link\"><span class=\"screen-reader-text\">\u201eSoldatenschicksale des 1. Weltkrieges Teil 189: Josef Kail\u201c <\/span>weiterlesen<\/a><\/p>\n","protected":false},"author":2,"featured_media":0,"comment_status":"closed","ping_status":"open","sticky":false,"template":"","format":"standard","meta":{"footnotes":"","_wp_rev_ctl_limit":""},"categories":[1007,76,988,468,75],"tags":[1569,1479,1535,99,1480,303,1583,990,1566,1526,1486,1582,1481,306,1496],"class_list":["post-3710","post","type-post","status-publish","format-standard","hentry","category-1-weltkrieg","category-frankreich","category-grand-est","category-vogesen-elsass","category-westfront","tag-64-armierungs-bataillon","tag-ammerschwihr","tag-armierungs-soldat","tag-baden-wuerttemberg","tag-drei-aehren","tag-elsass","tag-friesenheim","tag-grand-est","tag-lazarett-drei-aehren","tag-menschter","tag-muenster","tag-oberweier","tag-trois-epis","tag-vogesen","tag-vogesenkaempfe"],"_links":{"self":[{"href":"http:\/\/soldatenschicksale.de\/index.php?rest_route=\/wp\/v2\/posts\/3710","targetHints":{"allow":["GET"]}}],"collection":[{"href":"http:\/\/soldatenschicksale.de\/index.php?rest_route=\/wp\/v2\/posts"}],"about":[{"href":"http:\/\/soldatenschicksale.de\/index.php?rest_route=\/wp\/v2\/types\/post"}],"author":[{"embeddable":true,"href":"http:\/\/soldatenschicksale.de\/index.php?rest_route=\/wp\/v2\/users\/2"}],"replies":[{"embeddable":true,"href":"http:\/\/soldatenschicksale.de\/index.php?rest_route=%2Fwp%2Fv2%2Fcomments&post=3710"}],"version-history":[{"count":3,"href":"http:\/\/soldatenschicksale.de\/index.php?rest_route=\/wp\/v2\/posts\/3710\/revisions"}],"predecessor-version":[{"id":3715,"href":"http:\/\/soldatenschicksale.de\/index.php?rest_route=\/wp\/v2\/posts\/3710\/revisions\/3715"}],"wp:attachment":[{"href":"http:\/\/soldatenschicksale.de\/index.php?rest_route=%2Fwp%2Fv2%2Fmedia&parent=3710"}],"wp:term":[{"taxonomy":"category","embeddable":true,"href":"http:\/\/soldatenschicksale.de\/index.php?rest_route=%2Fwp%2Fv2%2Fcategories&post=3710"},{"taxonomy":"post_tag","embeddable":true,"href":"http:\/\/soldatenschicksale.de\/index.php?rest_route=%2Fwp%2Fv2%2Ftags&post=3710"}],"curies":[{"name":"wp","href":"https:\/\/api.w.org\/{rel}","templated":true}]}}