{"id":3762,"date":"2025-03-03T00:00:25","date_gmt":"2025-03-02T23:00:25","guid":{"rendered":"http:\/\/soldatenschicksale.de\/?p=3762"},"modified":"2025-02-04T19:47:08","modified_gmt":"2025-02-04T18:47:08","slug":"soldatenschicksale-des-1-weltkrieges-teil-192-wilhelm-mundt","status":"publish","type":"post","link":"http:\/\/soldatenschicksale.de\/?p=3762","title":{"rendered":"Soldatenschicksale des 1. Weltkrieges Teil 192: Wilhelm Mundt"},"content":{"rendered":"<p>Der Soldat Wilhelm Mundt stammte aus <a href=\"https:\/\/de.wikipedia.org\/wiki\/Wenden_(St%C3%B6ckse)\" target=\"_blank\" rel=\"noopener\">Wenden<\/a>, einem Ortsteil der Gemeinde <a href=\"https:\/\/de.wikipedia.org\/wiki\/St%C3%B6ckse\" target=\"_blank\" rel=\"noopener\">St\u00f6ckse<\/a> in Niedersachsen. Im Ersten Weltkrieg k\u00e4mpfte er als Gefreiter in der 6. Kompanie des 74. Reserve-Infanterie-Regiments. Am 12.08.1915 fiel er w\u00e4hrend der Vogesenk\u00e4mpfe nahe der Stadt <a href=\"https:\/\/de.wikipedia.org\/wiki\/Munster_(Haut-Rhin)\" target=\"_blank\" rel=\"noopener\">M\u00fcnster<\/a> (franz\u00f6sisch: Munster, els\u00e4ssisch: Menschter).<\/p>\n<p>\u00dcber den Todestag und die Todesumst\u00e4nde von Wilhelm Mundt berichtet die Regimentsgeschichte des 74. Reserve-Infanterie-Regiments:<\/p>\n<blockquote><p><em>&#8222;Auch in den N\u00e4chten vom 11., 12., 13. und 14. unternimmt er (die Franzosen) es, uns die Gr\u00e4ben auf dem Lingekopf zu entrei\u00dfen. Seine Angriffe scheitern an unserer Wachsamkeit, brechen im Maschinengewehr- und Handgranatenfeuer zusammen und verlieren immer mehr an Wucht. Dann setzen sie einige Tage ganz aus.<\/em><\/p>\n<p><em>Daf\u00fcr bewirft uns jetzt der Franzmann immer h\u00e4ufiger bald mit Minen, bald mit Granaten und Schrapnells. Da und dort zerst\u00f6rt er uns die Gr\u00e4ben, damit uns die Arbeit nicht ausgeht. Von unserer Seite bleibt man ihm die Antwort nicht schuldig. Als nach einigen Tagen in den franz\u00f6sischen Gr\u00e4ben starke Bewegung wahrgenommen wird, funkt unsere Artillerie \u00fcberraschend dazwischen und verursacht sicher ernste Verluste.&#8220;<\/em><\/p><\/blockquote>\n<p>Man begrub Wilhelm Mundt auf dem Soldatenfriedhof <span data-sheets-root=\"1\"><a class=\"in-cell-link\" href=\"https:\/\/www.google.de\/maps\/place\/Ammerschwihr,+Frankreich\/@48.1167085,7.2318824,13z\/data=!3m1!4b1!4m5!3m4!1s0x479161162b7e2d4f:0x40a5fb99a3940d0!8m2!3d48.1256119!4d7.281956\" target=\"_blank\" rel=\"noopener\">Ammerschwihr<\/a><\/span> <span data-sheets-root=\"1\">Grab 69.<\/span><\/p>\n<figure id=\"attachment_3333\" aria-describedby=\"caption-attachment-3333\" style=\"width: 492px\" class=\"wp-caption aligncenter\"><img loading=\"lazy\" decoding=\"async\" class=\"size-full wp-image-3333\" src=\"http:\/\/soldatenschicksale.de\/wp-content\/uploads\/2025\/01\/Wilhelm-Mundt.jpg\" alt=\"\" width=\"492\" height=\"800\" srcset=\"http:\/\/soldatenschicksale.de\/wp-content\/uploads\/2025\/01\/Wilhelm-Mundt.jpg 492w, http:\/\/soldatenschicksale.de\/wp-content\/uploads\/2025\/01\/Wilhelm-Mundt-185x300.jpg 185w\" sizes=\"auto, (max-width: 492px) 85vw, 492px\" \/><figcaption id=\"caption-attachment-3333\" class=\"wp-caption-text\">Wilhelm Mundt<\/figcaption><\/figure>\n","protected":false},"excerpt":{"rendered":"<p>Der Soldat Wilhelm Mundt stammte aus Wenden, einem Ortsteil der Gemeinde St\u00f6ckse in Niedersachsen. Im Ersten Weltkrieg k\u00e4mpfte er als Gefreiter in der 6. Kompanie des 74. Reserve-Infanterie-Regiments. Am 12.08.1915 fiel er w\u00e4hrend der Vogesenk\u00e4mpfe nahe der Stadt M\u00fcnster (franz\u00f6sisch: Munster, els\u00e4ssisch: Menschter). \u00dcber den Todestag und die Todesumst\u00e4nde von Wilhelm Mundt berichtet die Regimentsgeschichte &hellip; <a href=\"http:\/\/soldatenschicksale.de\/?p=3762\" class=\"more-link\"><span class=\"screen-reader-text\">\u201eSoldatenschicksale des 1. Weltkrieges Teil 192: Wilhelm Mundt\u201c <\/span>weiterlesen<\/a><\/p>\n","protected":false},"author":2,"featured_media":0,"comment_status":"closed","ping_status":"open","sticky":false,"template":"","format":"standard","meta":{"footnotes":"","_wp_rev_ctl_limit":""},"categories":[1007,76,988,468,75],"tags":[1365,1479,303,78,11,990,1498,1526,1486,139,994,1598,306,1597,239],"class_list":["post-3762","post","type-post","status-publish","format-standard","hentry","category-1-weltkrieg","category-frankreich","category-grand-est","category-vogesen-elsass","category-westfront","tag-74-reserve-infanterie-regiment","tag-ammerschwihr","tag-elsass","tag-frankreich","tag-gefreiter","tag-grand-est","tag-lingekopf","tag-menschter","tag-muenster","tag-niedersachsen","tag-regimentsgeschichte","tag-stoeckse","tag-vogesen","tag-wenden","tag-westfront"],"_links":{"self":[{"href":"http:\/\/soldatenschicksale.de\/index.php?rest_route=\/wp\/v2\/posts\/3762","targetHints":{"allow":["GET"]}}],"collection":[{"href":"http:\/\/soldatenschicksale.de\/index.php?rest_route=\/wp\/v2\/posts"}],"about":[{"href":"http:\/\/soldatenschicksale.de\/index.php?rest_route=\/wp\/v2\/types\/post"}],"author":[{"embeddable":true,"href":"http:\/\/soldatenschicksale.de\/index.php?rest_route=\/wp\/v2\/users\/2"}],"replies":[{"embeddable":true,"href":"http:\/\/soldatenschicksale.de\/index.php?rest_route=%2Fwp%2Fv2%2Fcomments&post=3762"}],"version-history":[{"count":3,"href":"http:\/\/soldatenschicksale.de\/index.php?rest_route=\/wp\/v2\/posts\/3762\/revisions"}],"predecessor-version":[{"id":3768,"href":"http:\/\/soldatenschicksale.de\/index.php?rest_route=\/wp\/v2\/posts\/3762\/revisions\/3768"}],"wp:attachment":[{"href":"http:\/\/soldatenschicksale.de\/index.php?rest_route=%2Fwp%2Fv2%2Fmedia&parent=3762"}],"wp:term":[{"taxonomy":"category","embeddable":true,"href":"http:\/\/soldatenschicksale.de\/index.php?rest_route=%2Fwp%2Fv2%2Fcategories&post=3762"},{"taxonomy":"post_tag","embeddable":true,"href":"http:\/\/soldatenschicksale.de\/index.php?rest_route=%2Fwp%2Fv2%2Ftags&post=3762"}],"curies":[{"name":"wp","href":"https:\/\/api.w.org\/{rel}","templated":true}]}}