{"id":3769,"date":"2025-03-04T00:00:58","date_gmt":"2025-03-03T23:00:58","guid":{"rendered":"http:\/\/soldatenschicksale.de\/?p=3769"},"modified":"2025-02-05T07:39:42","modified_gmt":"2025-02-05T06:39:42","slug":"soldatenschicksale-des-1-weltkrieges-teil-193-georg-schirmer","status":"publish","type":"post","link":"http:\/\/soldatenschicksale.de\/?p=3769","title":{"rendered":"Soldatenschicksale des 1. Weltkrieges Teil 193: Georg Schirmer"},"content":{"rendered":"<p>Der Soldat Georg Schirmer wurde am 21.04.1893 in der Stadt <a href=\"https:\/\/de.wikipedia.org\/wiki\/Nienburg\/Weser\" target=\"_blank\" rel=\"noopener\">Nienburg an der\u00a0 Weser<\/a> im heutigen Bundesland Niedersachsen geboren. Im Ersten Weltkrieg k\u00e4mpfte er als Reservist in der 7. Kompanie des 74. Reserve-Infanterie-Regiments. Am 12.08.1915 fiel er w\u00e4hrend der K\u00e4mpfe in den Vogesen n\u00f6rdlich der Stadt M\u00fcnster (franz\u00f6sisch: Munster, els\u00e4ssisch: Menschter) im Alter von 22 Jahren. Er wurde w\u00e4hrend der K\u00e4mpfe am <a href=\"https:\/\/maps.app.goo.gl\/96qpkoUFF7ES7h11A\" target=\"_blank\" rel=\"noopener\">Lingekopf<\/a> get\u00f6tet.<\/p>\n<p>\u00dcber den Todestag und die Todesumst\u00e4nde von Georg Schirmer berichtet die Regimentsgeschichte des 74. Reserve-Infanterie-Regiments:<\/p>\n<blockquote><p><em>&#8222;Auch in den N\u00e4chten vom 11., 12., 13. und 14. unternimmt er (die Franzosen) es, uns die Gr\u00e4ben auf dem Lingekopf zu entrei\u00dfen. Seine Angriffe scheitern an unserer Wachsamkeit, brechen im Maschinengewehr- und Handgranatenfeuer zusammen und verlieren immer mehr an Wucht. Dann setzen sie einige Tage ganz aus.<\/em><\/p>\n<p><em>Daf\u00fcr bewirft uns jetzt der Franzmann immer h\u00e4ufiger bald mit Minen, bald mit Granaten und Schrapnells. Da und dort zerst\u00f6rt er uns die Gr\u00e4ben, damit uns die Arbeit nicht ausgeht. Von unserer Seite bleibt man ihm die Antwort nicht schuldig. Als nach einigen Tagen in den franz\u00f6sischen Gr\u00e4ben starke Bewegung wahrgenommen wird, funkt unsere Artillerie \u00fcberraschend dazwischen und verursacht sicher ernste Verluste.&#8220;<\/em><\/p><\/blockquote>\n<p>Man begrub Georg Schirmer auf dem Soldatenfriedhof <span data-sheets-root=\"1\"><a class=\"in-cell-link\" href=\"https:\/\/www.google.de\/maps\/place\/Ammerschwihr,+Frankreich\/@48.1167085,7.2318824,13z\/data=!3m1!4b1!4m5!3m4!1s0x479161162b7e2d4f:0x40a5fb99a3940d0!8m2!3d48.1256119!4d7.281956\" target=\"_blank\" rel=\"noopener\">Ammerschwihr<\/a><\/span> in <span data-sheets-root=\"1\">Grab 70.<\/span><\/p>\n<p>In seiner Heimatstadt Nienburg\/Weser gedenkt man Georg Schirmer noch heute auf einem Denkmal: <a href=\"http:\/\/www.denkmalprojekt.org\/2023\/nienburg-weser_lkr-nienburg-weser_wk1_ns.html\" target=\"_blank\" rel=\"noopener\">http:\/\/www.denkmalprojekt.org\/2023\/nienburg-weser_lkr-nienburg-weser_wk1_ns.html<\/a><\/p>\n<figure id=\"attachment_3332\" aria-describedby=\"caption-attachment-3332\" style=\"width: 460px\" class=\"wp-caption aligncenter\"><img loading=\"lazy\" decoding=\"async\" class=\"size-full wp-image-3332\" src=\"http:\/\/soldatenschicksale.de\/wp-content\/uploads\/2025\/01\/Georg-Schirmer.jpg\" alt=\"\" width=\"460\" height=\"800\" srcset=\"http:\/\/soldatenschicksale.de\/wp-content\/uploads\/2025\/01\/Georg-Schirmer.jpg 460w, http:\/\/soldatenschicksale.de\/wp-content\/uploads\/2025\/01\/Georg-Schirmer-173x300.jpg 173w\" sizes=\"auto, (max-width: 460px) 85vw, 460px\" \/><figcaption id=\"caption-attachment-3332\" class=\"wp-caption-text\">Das Grab von Georg Schirmer auf dem Soldatenfriedhof Ammerschwihr<\/figcaption><\/figure>\n","protected":false},"excerpt":{"rendered":"<p>Der Soldat Georg Schirmer wurde am 21.04.1893 in der Stadt Nienburg an der\u00a0 Weser im heutigen Bundesland Niedersachsen geboren. Im Ersten Weltkrieg k\u00e4mpfte er als Reservist in der 7. Kompanie des 74. Reserve-Infanterie-Regiments. Am 12.08.1915 fiel er w\u00e4hrend der K\u00e4mpfe in den Vogesen n\u00f6rdlich der Stadt M\u00fcnster (franz\u00f6sisch: Munster, els\u00e4ssisch: Menschter) im Alter von 22 &hellip; <a href=\"http:\/\/soldatenschicksale.de\/?p=3769\" class=\"more-link\"><span class=\"screen-reader-text\">\u201eSoldatenschicksale des 1. Weltkrieges Teil 193: Georg Schirmer\u201c <\/span>weiterlesen<\/a><\/p>\n","protected":false},"author":2,"featured_media":0,"comment_status":"closed","ping_status":"open","sticky":false,"template":"","format":"standard","meta":{"footnotes":"","_wp_rev_ctl_limit":""},"categories":[1007,76,988,468,75],"tags":[1365,1479,30,303,78,990,1498,139,1599,994,1166,306,1496,239],"class_list":["post-3769","post","type-post","status-publish","format-standard","hentry","category-1-weltkrieg","category-frankreich","category-grand-est","category-vogesen-elsass","category-westfront","tag-74-reserve-infanterie-regiment","tag-ammerschwihr","tag-denkmal","tag-elsass","tag-frankreich","tag-grand-est","tag-lingekopf","tag-niedersachsen","tag-nienburg-weser","tag-regimentsgeschichte","tag-reservist","tag-vogesen","tag-vogesenkaempfe","tag-westfront"],"_links":{"self":[{"href":"http:\/\/soldatenschicksale.de\/index.php?rest_route=\/wp\/v2\/posts\/3769","targetHints":{"allow":["GET"]}}],"collection":[{"href":"http:\/\/soldatenschicksale.de\/index.php?rest_route=\/wp\/v2\/posts"}],"about":[{"href":"http:\/\/soldatenschicksale.de\/index.php?rest_route=\/wp\/v2\/types\/post"}],"author":[{"embeddable":true,"href":"http:\/\/soldatenschicksale.de\/index.php?rest_route=\/wp\/v2\/users\/2"}],"replies":[{"embeddable":true,"href":"http:\/\/soldatenschicksale.de\/index.php?rest_route=%2Fwp%2Fv2%2Fcomments&post=3769"}],"version-history":[{"count":3,"href":"http:\/\/soldatenschicksale.de\/index.php?rest_route=\/wp\/v2\/posts\/3769\/revisions"}],"predecessor-version":[{"id":3775,"href":"http:\/\/soldatenschicksale.de\/index.php?rest_route=\/wp\/v2\/posts\/3769\/revisions\/3775"}],"wp:attachment":[{"href":"http:\/\/soldatenschicksale.de\/index.php?rest_route=%2Fwp%2Fv2%2Fmedia&parent=3769"}],"wp:term":[{"taxonomy":"category","embeddable":true,"href":"http:\/\/soldatenschicksale.de\/index.php?rest_route=%2Fwp%2Fv2%2Fcategories&post=3769"},{"taxonomy":"post_tag","embeddable":true,"href":"http:\/\/soldatenschicksale.de\/index.php?rest_route=%2Fwp%2Fv2%2Ftags&post=3769"}],"curies":[{"name":"wp","href":"https:\/\/api.w.org\/{rel}","templated":true}]}}