{"id":3800,"date":"2025-03-09T00:00:05","date_gmt":"2025-03-08T23:00:05","guid":{"rendered":"http:\/\/soldatenschicksale.de\/?p=3800"},"modified":"2025-02-10T12:39:17","modified_gmt":"2025-02-10T11:39:17","slug":"soldatenschicksale-des-1-weltkrieges-teil-198-friedrich-borchert","status":"publish","type":"post","link":"http:\/\/soldatenschicksale.de\/?p=3800","title":{"rendered":"Soldatenschicksale des 1. Weltkrieges Teil 198: Friedrich Borchert"},"content":{"rendered":"<p>Der Soldat Friedrich Borchert wurde am 04.05.1884 in <a href=\"https:\/\/de.wikipedia.org\/wiki\/G%C3%BCstrow\" target=\"_blank\" rel=\"noopener\">G\u00fcstrow<\/a> im heutigen Bundesland Mecklenburg-Vorpommern geboren. Im Ersten Weltkrieg k\u00e4mpfte er als Landsturmmann in der 10. Kompanie des 79. Reserve-Infanterie-Regiments. Am 09.09.1915 wurde er w\u00e4hrend der Vogesenk\u00e4mpfe n\u00f6rdlich der Stadt <a href=\"https:\/\/de.wikipedia.org\/wiki\/Munster_(Haut-Rhin)\" target=\"_blank\" rel=\"noopener\">M\u00fcnster<\/a> (franz\u00f6sisch: Munster, els\u00e4ssisch: Menschter) am Schratzm\u00e4nnele schwer verwundet. Am 17.09.1915 (Fehler bei Volksbund und auf dem Grabkreuz) starb er im Reserve-Lazarett in <a href=\"https:\/\/de.wikipedia.org\/wiki\/Colmar\" target=\"_blank\" rel=\"noopener\">Colmar<\/a> an seinen Wunden. Friedrich Borchert wurde 31 Jahre alt.<\/p>\n<p>Man begrub Friedrich Borchert auf dem Soldatenfriedhof <span data-sheets-root=\"1\"><a class=\"in-cell-link\" href=\"https:\/\/www.google.de\/maps\/place\/Ammerschwihr,+Frankreich\/@48.1167085,7.2318824,13z\/data=!3m1!4b1!4m5!3m4!1s0x479161162b7e2d4f:0x40a5fb99a3940d0!8m2!3d48.1256119!4d7.281956\" target=\"_blank\" rel=\"noopener\">Ammerschwihr<\/a><\/span> in <span data-sheets-root=\"1\">Grab 63.<\/span><\/p>\n<p>In seiner Heimatstadt G\u00fcstrow gedenkt man in der St. Marienkirche noch heute Friedrich Borchert auf einem Denkmal: <a href=\"http:\/\/www.denkmalprojekt.org\/2015\/guestrow_st-marien-kirche_lk-rostock_1813_1870_wk1_meck-pom.html\" target=\"_blank\" rel=\"noopener\">http:\/\/www.denkmalprojekt.org\/2015\/guestrow_st-marien-kirche_lk-rostock_1813_1870_wk1_meck-pom.html<\/a><\/p>\n<figure id=\"attachment_3344\" aria-describedby=\"caption-attachment-3344\" style=\"width: 510px\" class=\"wp-caption aligncenter\"><img loading=\"lazy\" decoding=\"async\" class=\"size-full wp-image-3344\" src=\"http:\/\/soldatenschicksale.de\/wp-content\/uploads\/2025\/01\/Friedrich-Borchert.jpg\" alt=\"\" width=\"510\" height=\"800\" srcset=\"http:\/\/soldatenschicksale.de\/wp-content\/uploads\/2025\/01\/Friedrich-Borchert.jpg 510w, http:\/\/soldatenschicksale.de\/wp-content\/uploads\/2025\/01\/Friedrich-Borchert-191x300.jpg 191w\" sizes=\"auto, (max-width: 510px) 85vw, 510px\" \/><figcaption id=\"caption-attachment-3344\" class=\"wp-caption-text\">Das Grab von Friedrich Borchert auf dem Soldatenfriedhof Ammerschwihr<\/figcaption><\/figure>\n","protected":false},"excerpt":{"rendered":"<p>Der Soldat Friedrich Borchert wurde am 04.05.1884 in G\u00fcstrow im heutigen Bundesland Mecklenburg-Vorpommern geboren. Im Ersten Weltkrieg k\u00e4mpfte er als Landsturmmann in der 10. Kompanie des 79. Reserve-Infanterie-Regiments. Am 09.09.1915 wurde er w\u00e4hrend der Vogesenk\u00e4mpfe n\u00f6rdlich der Stadt M\u00fcnster (franz\u00f6sisch: Munster, els\u00e4ssisch: Menschter) am Schratzm\u00e4nnele schwer verwundet. Am 17.09.1915 (Fehler bei Volksbund und auf dem &hellip; <a href=\"http:\/\/soldatenschicksale.de\/?p=3800\" class=\"more-link\"><span class=\"screen-reader-text\">\u201eSoldatenschicksale des 1. Weltkrieges Teil 198: Friedrich Borchert\u201c <\/span>weiterlesen<\/a><\/p>\n","protected":false},"author":2,"featured_media":0,"comment_status":"closed","ping_status":"open","sticky":false,"template":"","format":"standard","meta":{"footnotes":"","_wp_rev_ctl_limit":""},"categories":[1007,76,988,468,75],"tags":[1594,1479,331,30,303,78,990,1616,1094,1389,1526,1486,329,306,239],"class_list":["post-3800","post","type-post","status-publish","format-standard","hentry","category-1-weltkrieg","category-frankreich","category-grand-est","category-vogesen-elsass","category-westfront","tag-78-reserve-infanterie-regiment","tag-ammerschwihr","tag-colmar","tag-denkmal","tag-elsass","tag-frankreich","tag-grand-est","tag-guestrow","tag-landsturmmann","tag-mecklenburg-vorpommern","tag-menschter","tag-muenster","tag-reservelazarett-colmar","tag-vogesen","tag-westfront"],"_links":{"self":[{"href":"http:\/\/soldatenschicksale.de\/index.php?rest_route=\/wp\/v2\/posts\/3800","targetHints":{"allow":["GET"]}}],"collection":[{"href":"http:\/\/soldatenschicksale.de\/index.php?rest_route=\/wp\/v2\/posts"}],"about":[{"href":"http:\/\/soldatenschicksale.de\/index.php?rest_route=\/wp\/v2\/types\/post"}],"author":[{"embeddable":true,"href":"http:\/\/soldatenschicksale.de\/index.php?rest_route=\/wp\/v2\/users\/2"}],"replies":[{"embeddable":true,"href":"http:\/\/soldatenschicksale.de\/index.php?rest_route=%2Fwp%2Fv2%2Fcomments&post=3800"}],"version-history":[{"count":3,"href":"http:\/\/soldatenschicksale.de\/index.php?rest_route=\/wp\/v2\/posts\/3800\/revisions"}],"predecessor-version":[{"id":3810,"href":"http:\/\/soldatenschicksale.de\/index.php?rest_route=\/wp\/v2\/posts\/3800\/revisions\/3810"}],"wp:attachment":[{"href":"http:\/\/soldatenschicksale.de\/index.php?rest_route=%2Fwp%2Fv2%2Fmedia&parent=3800"}],"wp:term":[{"taxonomy":"category","embeddable":true,"href":"http:\/\/soldatenschicksale.de\/index.php?rest_route=%2Fwp%2Fv2%2Fcategories&post=3800"},{"taxonomy":"post_tag","embeddable":true,"href":"http:\/\/soldatenschicksale.de\/index.php?rest_route=%2Fwp%2Fv2%2Ftags&post=3800"}],"curies":[{"name":"wp","href":"https:\/\/api.w.org\/{rel}","templated":true}]}}