{"id":3811,"date":"2025-03-10T00:00:23","date_gmt":"2025-03-09T23:00:23","guid":{"rendered":"http:\/\/soldatenschicksale.de\/?p=3811"},"modified":"2025-02-10T12:52:19","modified_gmt":"2025-02-10T11:52:19","slug":"soldatenschicksale-des-1-weltkrieges-teil-199-edmund-wehrle","status":"publish","type":"post","link":"http:\/\/soldatenschicksale.de\/?p=3811","title":{"rendered":"Soldatenschicksale des 1. Weltkrieges Teil 199: Edmund Wehrle"},"content":{"rendered":"<p>Der Soldat Edmund Wehrle stammte aus <a href=\"https:\/\/de.wikipedia.org\/wiki\/Schonach_im_Schwarzwald\" target=\"_blank\" rel=\"noopener\">Schonach im Schwarzwald<\/a> im heutigen Bundesland Baden-W\u00fcrttemberg. Im Ersten Weltkrieg diente er als Armierungs-Soldat in der 2. Kompanie des 70. Armierungs-Bataillons. Am 04.03.1916 fiel er w\u00e4hrend der Vogesenk\u00e4mpfe n\u00f6rdlich der Stadt M\u00fcnster (franz\u00f6sisch: Munster, els\u00e4ssisch: Menschter).<\/p>\n<p>Man begrub Edmund Wehrle auf dem Soldatenfriedhof <span data-sheets-root=\"1\"><a class=\"in-cell-link\" href=\"https:\/\/www.google.de\/maps\/place\/Ammerschwihr,+Frankreich\/@48.1167085,7.2318824,13z\/data=!3m1!4b1!4m5!3m4!1s0x479161162b7e2d4f:0x40a5fb99a3940d0!8m2!3d48.1256119!4d7.281956\" target=\"_blank\" rel=\"noopener\">Ammerschwihr<\/a><\/span> in <span data-sheets-root=\"1\">Grab 64.<\/span><\/p>\n<p>In deiner Heimatgemeinde Schonach im Schwarzwald gedenkt man Edmund Wehrle noch heute auf einem Denkmal: <a href=\"http:\/\/www.denkmalprojekt.org\/2009\/schonach_wk1u2_bw.htm\" target=\"_blank\" rel=\"noopener\">http:\/\/www.denkmalprojekt.org\/2009\/schonach_wk1u2_bw.htm<\/a><\/p>\n<figure id=\"attachment_3343\" aria-describedby=\"caption-attachment-3343\" style=\"width: 442px\" class=\"wp-caption aligncenter\"><img loading=\"lazy\" decoding=\"async\" class=\"size-full wp-image-3343\" src=\"http:\/\/soldatenschicksale.de\/wp-content\/uploads\/2025\/01\/Edmund-Wehrle.jpg\" alt=\"\" width=\"442\" height=\"800\" srcset=\"http:\/\/soldatenschicksale.de\/wp-content\/uploads\/2025\/01\/Edmund-Wehrle.jpg 442w, http:\/\/soldatenschicksale.de\/wp-content\/uploads\/2025\/01\/Edmund-Wehrle-166x300.jpg 166w\" sizes=\"auto, (max-width: 442px) 85vw, 442px\" \/><figcaption id=\"caption-attachment-3343\" class=\"wp-caption-text\">Das Grab von Edmund Wehrle auf dem Soldatenfriedhof Ammerschwihr<\/figcaption><\/figure>\n","protected":false},"excerpt":{"rendered":"<p>Der Soldat Edmund Wehrle stammte aus Schonach im Schwarzwald im heutigen Bundesland Baden-W\u00fcrttemberg. Im Ersten Weltkrieg diente er als Armierungs-Soldat in der 2. Kompanie des 70. Armierungs-Bataillons. Am 04.03.1916 fiel er w\u00e4hrend der Vogesenk\u00e4mpfe n\u00f6rdlich der Stadt M\u00fcnster (franz\u00f6sisch: Munster, els\u00e4ssisch: Menschter). Man begrub Edmund Wehrle auf dem Soldatenfriedhof Ammerschwihr in Grab 64. In deiner &hellip; <a href=\"http:\/\/soldatenschicksale.de\/?p=3811\" class=\"more-link\"><span class=\"screen-reader-text\">\u201eSoldatenschicksale des 1. Weltkrieges Teil 199: Edmund Wehrle\u201c <\/span>weiterlesen<\/a><\/p>\n","protected":false},"author":2,"featured_media":0,"comment_status":"closed","ping_status":"open","sticky":false,"template":"","format":"standard","meta":{"footnotes":"","_wp_rev_ctl_limit":""},"categories":[1007,76,988,468,75],"tags":[1617,1479,1535,99,30,303,78,990,1526,1486,1618,1619,239],"class_list":["post-3811","post","type-post","status-publish","format-standard","hentry","category-1-weltkrieg","category-frankreich","category-grand-est","category-vogesen-elsass","category-westfront","tag-70-armierungs-bataillon","tag-ammerschwihr","tag-armierungs-soldat","tag-baden-wuerttemberg","tag-denkmal","tag-elsass","tag-frankreich","tag-grand-est","tag-menschter","tag-muenster","tag-schonach","tag-schonach-im-schwarzwald","tag-westfront"],"_links":{"self":[{"href":"http:\/\/soldatenschicksale.de\/index.php?rest_route=\/wp\/v2\/posts\/3811","targetHints":{"allow":["GET"]}}],"collection":[{"href":"http:\/\/soldatenschicksale.de\/index.php?rest_route=\/wp\/v2\/posts"}],"about":[{"href":"http:\/\/soldatenschicksale.de\/index.php?rest_route=\/wp\/v2\/types\/post"}],"author":[{"embeddable":true,"href":"http:\/\/soldatenschicksale.de\/index.php?rest_route=\/wp\/v2\/users\/2"}],"replies":[{"embeddable":true,"href":"http:\/\/soldatenschicksale.de\/index.php?rest_route=%2Fwp%2Fv2%2Fcomments&post=3811"}],"version-history":[{"count":3,"href":"http:\/\/soldatenschicksale.de\/index.php?rest_route=\/wp\/v2\/posts\/3811\/revisions"}],"predecessor-version":[{"id":3816,"href":"http:\/\/soldatenschicksale.de\/index.php?rest_route=\/wp\/v2\/posts\/3811\/revisions\/3816"}],"wp:attachment":[{"href":"http:\/\/soldatenschicksale.de\/index.php?rest_route=%2Fwp%2Fv2%2Fmedia&parent=3811"}],"wp:term":[{"taxonomy":"category","embeddable":true,"href":"http:\/\/soldatenschicksale.de\/index.php?rest_route=%2Fwp%2Fv2%2Fcategories&post=3811"},{"taxonomy":"post_tag","embeddable":true,"href":"http:\/\/soldatenschicksale.de\/index.php?rest_route=%2Fwp%2Fv2%2Ftags&post=3811"}],"curies":[{"name":"wp","href":"https:\/\/api.w.org\/{rel}","templated":true}]}}