{"id":3840,"date":"2025-03-12T00:00:28","date_gmt":"2025-03-11T23:00:28","guid":{"rendered":"http:\/\/soldatenschicksale.de\/?p=3840"},"modified":"2025-02-12T08:37:11","modified_gmt":"2025-02-12T07:37:11","slug":"soldatenschicksale-des-1-weltkrieges-teil-201-franz-haertle","status":"publish","type":"post","link":"http:\/\/soldatenschicksale.de\/?p=3840","title":{"rendered":"Soldatenschicksale des 1. Weltkrieges Teil 201: Franz H\u00e4rtle"},"content":{"rendered":"<p>Der Soldat Franz (Joseph) H\u00e4rtle (Verlustliste und Regimentsgeschichte: H\u00e4rtl) stammte aus der bayerischen Landeshauptstadt <a href=\"https:\/\/de.wikipedia.org\/wiki\/M%C3%BCnchen\" target=\"_blank\" rel=\"noopener\">M\u00fcnchen<\/a>. Im Ersten Weltkrieg k\u00e4mpfte er als Landwehrmann in der 1. Kompanie des 1. bayerischen Landwehr-Infanterie-Regiments. Am 13.02.1916 starb er bei einer Sanit\u00e4ts-Kompanie bei <a href=\"https:\/\/de.wikipedia.org\/wiki\/Trois-%C3%89pis\" target=\"_blank\" rel=\"noopener\">Drei \u00c4hren<\/a> (franz\u00f6sisch: Trois-\u00c9pis)<br \/>\nnach schwerer Verwundung w\u00e4hrend der K\u00e4mpfe in den Vogesen n\u00f6rdlich der Stadt M\u00fcnster (franz\u00f6sisch: Munster, els\u00e4ssisch: Menschter). Er wurde w\u00e4hrend der Stellungsk\u00e4mpfe am Lingekopf &#8211; Schratzm\u00e4nnele &#8211; Barrenkopf schwer verwundet.<\/p>\n<p>Man begrub Franz H\u00e4rtle auf dem Soldatenfriedhof <span data-sheets-root=\"1\"><a class=\"in-cell-link\" href=\"https:\/\/www.google.de\/maps\/place\/Ammerschwihr,+Frankreich\/@48.1167085,7.2318824,13z\/data=!3m1!4b1!4m5!3m4!1s0x479161162b7e2d4f:0x40a5fb99a3940d0!8m2!3d48.1256119!4d7.281956\" target=\"_blank\" rel=\"noopener\">Ammerschwihr<\/a><\/span> in <span data-sheets-root=\"1\">Grab 60.<\/span><\/p>\n<figure id=\"attachment_3346\" aria-describedby=\"caption-attachment-3346\" style=\"width: 409px\" class=\"wp-caption aligncenter\"><img loading=\"lazy\" decoding=\"async\" class=\"size-full wp-image-3346\" src=\"http:\/\/soldatenschicksale.de\/wp-content\/uploads\/2025\/01\/Franz-Haertle.jpg\" alt=\"\" width=\"409\" height=\"800\" srcset=\"http:\/\/soldatenschicksale.de\/wp-content\/uploads\/2025\/01\/Franz-Haertle.jpg 409w, http:\/\/soldatenschicksale.de\/wp-content\/uploads\/2025\/01\/Franz-Haertle-153x300.jpg 153w\" sizes=\"auto, (max-width: 409px) 85vw, 409px\" \/><figcaption id=\"caption-attachment-3346\" class=\"wp-caption-text\">Das Grab von Franz H\u00e4rtle auf dem Soldatenfriedhof Ammerschwihr<\/figcaption><\/figure>\n","protected":false},"excerpt":{"rendered":"<p>Der Soldat Franz (Joseph) H\u00e4rtle (Verlustliste und Regimentsgeschichte: H\u00e4rtl) stammte aus der bayerischen Landeshauptstadt M\u00fcnchen. Im Ersten Weltkrieg k\u00e4mpfte er als Landwehrmann in der 1. Kompanie des 1. bayerischen Landwehr-Infanterie-Regiments. Am 13.02.1916 starb er bei einer Sanit\u00e4ts-Kompanie bei Drei \u00c4hren (franz\u00f6sisch: Trois-\u00c9pis) nach schwerer Verwundung w\u00e4hrend der K\u00e4mpfe in den Vogesen n\u00f6rdlich der Stadt M\u00fcnster &hellip; <a href=\"http:\/\/soldatenschicksale.de\/?p=3840\" class=\"more-link\"><span class=\"screen-reader-text\">\u201eSoldatenschicksale des 1. Weltkrieges Teil 201: Franz H\u00e4rtle\u201c <\/span>weiterlesen<\/a><\/p>\n","protected":false},"author":2,"featured_media":0,"comment_status":"closed","ping_status":"open","sticky":false,"template":"","format":"standard","meta":{"footnotes":"","_wp_rev_ctl_limit":""},"categories":[1007,76,988,468,75],"tags":[1495,1479,21,1480,303,78,990,1006,1566,1498,1526,227,1486,1487,1481,1555,306,1259,239],"class_list":["post-3840","post","type-post","status-publish","format-standard","hentry","category-1-weltkrieg","category-frankreich","category-grand-est","category-vogesen-elsass","category-westfront","tag-1-bayerisches-landwehr-infanterie-regiment","tag-ammerschwihr","tag-bayern","tag-drei-aehren","tag-elsass","tag-frankreich","tag-grand-est","tag-landeshauptstadt","tag-lazarett-drei-aehren","tag-lingekopf","tag-menschter","tag-muenchen","tag-muenster","tag-schratzmaennele","tag-trois-epis","tag-verbandplatz-drei-aehren","tag-vogesen","tag-wehrmann","tag-westfront"],"_links":{"self":[{"href":"http:\/\/soldatenschicksale.de\/index.php?rest_route=\/wp\/v2\/posts\/3840","targetHints":{"allow":["GET"]}}],"collection":[{"href":"http:\/\/soldatenschicksale.de\/index.php?rest_route=\/wp\/v2\/posts"}],"about":[{"href":"http:\/\/soldatenschicksale.de\/index.php?rest_route=\/wp\/v2\/types\/post"}],"author":[{"embeddable":true,"href":"http:\/\/soldatenschicksale.de\/index.php?rest_route=\/wp\/v2\/users\/2"}],"replies":[{"embeddable":true,"href":"http:\/\/soldatenschicksale.de\/index.php?rest_route=%2Fwp%2Fv2%2Fcomments&post=3840"}],"version-history":[{"count":3,"href":"http:\/\/soldatenschicksale.de\/index.php?rest_route=\/wp\/v2\/posts\/3840\/revisions"}],"predecessor-version":[{"id":3847,"href":"http:\/\/soldatenschicksale.de\/index.php?rest_route=\/wp\/v2\/posts\/3840\/revisions\/3847"}],"wp:attachment":[{"href":"http:\/\/soldatenschicksale.de\/index.php?rest_route=%2Fwp%2Fv2%2Fmedia&parent=3840"}],"wp:term":[{"taxonomy":"category","embeddable":true,"href":"http:\/\/soldatenschicksale.de\/index.php?rest_route=%2Fwp%2Fv2%2Fcategories&post=3840"},{"taxonomy":"post_tag","embeddable":true,"href":"http:\/\/soldatenschicksale.de\/index.php?rest_route=%2Fwp%2Fv2%2Ftags&post=3840"}],"curies":[{"name":"wp","href":"https:\/\/api.w.org\/{rel}","templated":true}]}}