{"id":3848,"date":"2025-02-12T15:00:12","date_gmt":"2025-02-12T14:00:12","guid":{"rendered":"http:\/\/soldatenschicksale.de\/?p=3848"},"modified":"2025-02-12T09:30:57","modified_gmt":"2025-02-12T08:30:57","slug":"sonderbeitrag-adolf-weyel","status":"publish","type":"post","link":"http:\/\/soldatenschicksale.de\/?p=3848","title":{"rendered":"Sonderbeitrag: Adolf Weyel"},"content":{"rendered":"<p>Der Soldat Adolf Weyel wurde am 28.10.1885 in <a href=\"https:\/\/de.wikipedia.org\/wiki\/Nast%C3%A4tten\" target=\"_blank\" rel=\"noopener\">Nast\u00e4tten<\/a> geboren, einer Stadt im heutigen Bundesland Rheinland-Pfalz. Im Ersten Weltkrieg k\u00e4mpfte er als Unteroffizier der Reserve in der Leib-Kompanie des 117. Infanterie-Leib-Regiments. Am 18.09.1914 verstarb er im Alter von 28 Jahren in franz\u00f6sischer Gefangenschaft in einem Hospital bei <a href=\"https:\/\/de.wikipedia.org\/wiki\/Bourges\" target=\"_blank\" rel=\"noopener\">Bourges<\/a>. Er geriet vermutlich w\u00e4hrend der K\u00e4mpfe bei <a href=\"https:\/\/de.wikipedia.org\/wiki\/Reims\" target=\"_blank\" rel=\"noopener\">Reims<\/a> am <a href=\"https:\/\/de.wikipedia.org\/wiki\/Canal_de_l%E2%80%99Aisne_%C3%A0_la_Marne\" target=\"_blank\" rel=\"noopener\">Aisne-Marne-Kanal<\/a> s\u00fcdlich <a href=\"https:\/\/de.wikipedia.org\/wiki\/Orainville\" target=\"_blank\" rel=\"noopener\">Orainville<\/a> schwer verwundet in Kriegsgefangenschaft.<\/p>\n<p>Man begrub Adolf Weyel auf dem Soldatenfriedhof <span data-sheets-root=\"1\"><a class=\"in-cell-link\" href=\"https:\/\/goo.gl\/maps\/Vb7Fp2kZLnC2\" target=\"_blank\" rel=\"noopener\">Nampcel<\/a><\/span> in Block 5, Grab 926.<\/p>\n<p>In der hesischen Stadt <a href=\"https:\/\/de.wikipedia.org\/wiki\/Hadamar\" target=\"_blank\" rel=\"noopener\">Hadamar<\/a> gedenkt man Adolf Weyel noch heute auf einem Denkmal: <a href=\"http:\/\/www.denkmalprojekt.org\/2022\/hademar_lk-limburg-weilburg_wk1_hs.html\" target=\"_blank\" rel=\"noopener\">http:\/\/www.denkmalprojekt.org\/2022\/hademar_lk-limburg-weilburg_wk1_hs.html<\/a><\/p>\n<figure id=\"attachment_3849\" aria-describedby=\"caption-attachment-3849\" style=\"width: 1009px\" class=\"wp-caption aligncenter\"><img loading=\"lazy\" decoding=\"async\" class=\"size-full wp-image-3849\" src=\"http:\/\/soldatenschicksale.de\/wp-content\/uploads\/2025\/02\/Adolf-Weyel-2.jpg\" alt=\"\" width=\"1009\" height=\"216\" srcset=\"http:\/\/soldatenschicksale.de\/wp-content\/uploads\/2025\/02\/Adolf-Weyel-2.jpg 1009w, http:\/\/soldatenschicksale.de\/wp-content\/uploads\/2025\/02\/Adolf-Weyel-2-300x64.jpg 300w, http:\/\/soldatenschicksale.de\/wp-content\/uploads\/2025\/02\/Adolf-Weyel-2-768x164.jpg 768w\" sizes=\"auto, (max-width: 709px) 85vw, (max-width: 909px) 67vw, (max-width: 1362px) 62vw, 840px\" \/><figcaption id=\"caption-attachment-3849\" class=\"wp-caption-text\">Grabinschrift f\u00fcr Adolf Weyel<\/figcaption><\/figure>\n<figure id=\"attachment_3850\" aria-describedby=\"caption-attachment-3850\" style=\"width: 450px\" class=\"wp-caption aligncenter\"><img loading=\"lazy\" decoding=\"async\" class=\"size-full wp-image-3850\" src=\"http:\/\/soldatenschicksale.de\/wp-content\/uploads\/2025\/02\/Adolf-Weyel.jpg\" alt=\"\" width=\"450\" height=\"1000\" srcset=\"http:\/\/soldatenschicksale.de\/wp-content\/uploads\/2025\/02\/Adolf-Weyel.jpg 450w, http:\/\/soldatenschicksale.de\/wp-content\/uploads\/2025\/02\/Adolf-Weyel-135x300.jpg 135w\" sizes=\"auto, (max-width: 450px) 85vw, 450px\" \/><figcaption id=\"caption-attachment-3850\" class=\"wp-caption-text\">Der Grabstein mit der Gedenkinschrift f\u00fcr Adolf Weyel auf dem Alten friedhof Hadamar<\/figcaption><\/figure>\n","protected":false},"excerpt":{"rendered":"<p>Der Soldat Adolf Weyel wurde am 28.10.1885 in Nast\u00e4tten geboren, einer Stadt im heutigen Bundesland Rheinland-Pfalz. Im Ersten Weltkrieg k\u00e4mpfte er als Unteroffizier der Reserve in der Leib-Kompanie des 117. Infanterie-Leib-Regiments. Am 18.09.1914 verstarb er im Alter von 28 Jahren in franz\u00f6sischer Gefangenschaft in einem Hospital bei Bourges. Er geriet vermutlich w\u00e4hrend der K\u00e4mpfe bei &hellip; <a href=\"http:\/\/soldatenschicksale.de\/?p=3848\" class=\"more-link\"><span class=\"screen-reader-text\">\u201eSonderbeitrag: Adolf Weyel\u201c <\/span>weiterlesen<\/a><\/p>\n","protected":false},"author":2,"featured_media":0,"comment_status":"closed","ping_status":"open","sticky":false,"template":"","format":"standard","meta":{"footnotes":"","_wp_rev_ctl_limit":""},"categories":[1007,76,1116,75],"tags":[1330,1633,1631,1634,30,78,202,1623,464,1114,1003,1629,1632,351,355,1630,239],"class_list":["post-3848","post","type-post","status-publish","format-standard","hentry","category-1-weltkrieg","category-frankreich","category-marne","category-westfront","tag-117-infanterie-leib-regiment","tag-aisne-marne-kanal","tag-bourges","tag-canal-de-laisne-a-la-marne","tag-denkmal","tag-frankreich","tag-franzoesische-kriegsgefangenschaft","tag-hadamar","tag-hessen","tag-marne","tag-nampcel","tag-nastaetten","tag-orainville","tag-rheinland-pfalz","tag-schwer-verwundet","tag-unteroffizier-der-reserve","tag-westfront"],"_links":{"self":[{"href":"http:\/\/soldatenschicksale.de\/index.php?rest_route=\/wp\/v2\/posts\/3848","targetHints":{"allow":["GET"]}}],"collection":[{"href":"http:\/\/soldatenschicksale.de\/index.php?rest_route=\/wp\/v2\/posts"}],"about":[{"href":"http:\/\/soldatenschicksale.de\/index.php?rest_route=\/wp\/v2\/types\/post"}],"author":[{"embeddable":true,"href":"http:\/\/soldatenschicksale.de\/index.php?rest_route=\/wp\/v2\/users\/2"}],"replies":[{"embeddable":true,"href":"http:\/\/soldatenschicksale.de\/index.php?rest_route=%2Fwp%2Fv2%2Fcomments&post=3848"}],"version-history":[{"count":3,"href":"http:\/\/soldatenschicksale.de\/index.php?rest_route=\/wp\/v2\/posts\/3848\/revisions"}],"predecessor-version":[{"id":3855,"href":"http:\/\/soldatenschicksale.de\/index.php?rest_route=\/wp\/v2\/posts\/3848\/revisions\/3855"}],"wp:attachment":[{"href":"http:\/\/soldatenschicksale.de\/index.php?rest_route=%2Fwp%2Fv2%2Fmedia&parent=3848"}],"wp:term":[{"taxonomy":"category","embeddable":true,"href":"http:\/\/soldatenschicksale.de\/index.php?rest_route=%2Fwp%2Fv2%2Fcategories&post=3848"},{"taxonomy":"post_tag","embeddable":true,"href":"http:\/\/soldatenschicksale.de\/index.php?rest_route=%2Fwp%2Fv2%2Ftags&post=3848"}],"curies":[{"name":"wp","href":"https:\/\/api.w.org\/{rel}","templated":true}]}}