{"id":3856,"date":"2025-02-12T21:00:43","date_gmt":"2025-02-12T20:00:43","guid":{"rendered":"http:\/\/soldatenschicksale.de\/?p=3856"},"modified":"2025-02-12T09:54:34","modified_gmt":"2025-02-12T08:54:34","slug":"sonderbeitrag-felix-erdniss","status":"publish","type":"post","link":"http:\/\/soldatenschicksale.de\/?p=3856","title":{"rendered":"Sonderbeitrag: Felix Erdni\u00df"},"content":{"rendered":"<p>Der Soldat Felix Erdni\u00df stammte aus <a href=\"https:\/\/de.wikipedia.org\/wiki\/Judenbach\" target=\"_blank\" rel=\"noopener\">Judenbach<\/a>, einem Ortsteil der th\u00fcringischen Gemeinde <a href=\"https:\/\/de.wikipedia.org\/wiki\/F%C3%B6ritztal\" target=\"_blank\" rel=\"noopener\">F\u00f6ritztal<\/a>. Im Ersten Weltkrieg k\u00e4mpfte er als Unteroffizier in der 5. Kompanie des 52. Reserve-Infanterie-Regiments. Am 07.07.1915 fiel er in Polen an der <a href=\"https:\/\/de.wikipedia.org\/wiki\/Bzura\" target=\"_blank\" rel=\"noopener\">Bzura<\/a>.<\/p>\n<p>Die Lage des Grabes von Felix Erdni\u00df ist unbekannt. Wahrscheinlich existiert es nicht mehr.<\/p>\n<figure id=\"attachment_3857\" aria-describedby=\"caption-attachment-3857\" style=\"width: 1000px\" class=\"wp-caption aligncenter\"><img loading=\"lazy\" decoding=\"async\" class=\"size-full wp-image-3857\" src=\"http:\/\/soldatenschicksale.de\/wp-content\/uploads\/2025\/02\/Ernst-und-Felix-Erdniss.jpg\" alt=\"\" width=\"1000\" height=\"705\" srcset=\"http:\/\/soldatenschicksale.de\/wp-content\/uploads\/2025\/02\/Ernst-und-Felix-Erdniss.jpg 1000w, http:\/\/soldatenschicksale.de\/wp-content\/uploads\/2025\/02\/Ernst-und-Felix-Erdniss-300x212.jpg 300w, http:\/\/soldatenschicksale.de\/wp-content\/uploads\/2025\/02\/Ernst-und-Felix-Erdniss-768x541.jpg 768w\" sizes=\"auto, (max-width: 709px) 85vw, (max-width: 909px) 67vw, (max-width: 1362px) 62vw, 840px\" \/><figcaption id=\"caption-attachment-3857\" class=\"wp-caption-text\">Grabstein mit der Gedenkinschrift f\u00fcr Felix und Ernst Erdni\u00df auf dem Alten Friedhof Hadamar<\/figcaption><\/figure>\n<figure id=\"attachment_3858\" aria-describedby=\"caption-attachment-3858\" style=\"width: 1472px\" class=\"wp-caption aligncenter\"><img loading=\"lazy\" decoding=\"async\" class=\"size-full wp-image-3858\" src=\"http:\/\/soldatenschicksale.de\/wp-content\/uploads\/2025\/02\/Felix-und-Ernst-Erdniss.jpg\" alt=\"\" width=\"1472\" height=\"436\" srcset=\"http:\/\/soldatenschicksale.de\/wp-content\/uploads\/2025\/02\/Felix-und-Ernst-Erdniss.jpg 1472w, http:\/\/soldatenschicksale.de\/wp-content\/uploads\/2025\/02\/Felix-und-Ernst-Erdniss-300x89.jpg 300w, http:\/\/soldatenschicksale.de\/wp-content\/uploads\/2025\/02\/Felix-und-Ernst-Erdniss-1024x303.jpg 1024w, http:\/\/soldatenschicksale.de\/wp-content\/uploads\/2025\/02\/Felix-und-Ernst-Erdniss-768x227.jpg 768w, http:\/\/soldatenschicksale.de\/wp-content\/uploads\/2025\/02\/Felix-und-Ernst-Erdniss-1200x355.jpg 1200w\" sizes=\"auto, (max-width: 709px) 85vw, (max-width: 909px) 67vw, (max-width: 1362px) 62vw, 840px\" \/><figcaption id=\"caption-attachment-3858\" class=\"wp-caption-text\">Gedenkinschrift f\u00fcr Felix und Ernst Erdni\u00df auf einem Grabstein auf dem Alten Friedhof Hadamar<\/figcaption><\/figure>\n","protected":false},"excerpt":{"rendered":"<p>Der Soldat Felix Erdni\u00df stammte aus Judenbach, einem Ortsteil der th\u00fcringischen Gemeinde F\u00f6ritztal. Im Ersten Weltkrieg k\u00e4mpfte er als Unteroffizier in der 5. Kompanie des 52. Reserve-Infanterie-Regiments. Am 07.07.1915 fiel er in Polen an der Bzura. Die Lage des Grabes von Felix Erdni\u00df ist unbekannt. Wahrscheinlich existiert es nicht mehr.<\/p>\n","protected":false},"author":2,"featured_media":0,"comment_status":"closed","ping_status":"open","sticky":false,"template":"","format":"standard","meta":{"footnotes":"","_wp_rev_ctl_limit":""},"categories":[1007,4,234],"tags":[1636,1637,1638,1635,12,203,1195,17,100],"class_list":["post-3856","post","type-post","status-publish","format-standard","hentry","category-1-weltkrieg","category-ostfront","category-polen","tag-52-reserve-infanterie-regiment","tag-bzura","tag-foeritztal","tag-judenbach","tag-ostfront","tag-polen","tag-thueringen","tag-unbekannte-grablage","tag-unteroffizier"],"_links":{"self":[{"href":"http:\/\/soldatenschicksale.de\/index.php?rest_route=\/wp\/v2\/posts\/3856","targetHints":{"allow":["GET"]}}],"collection":[{"href":"http:\/\/soldatenschicksale.de\/index.php?rest_route=\/wp\/v2\/posts"}],"about":[{"href":"http:\/\/soldatenschicksale.de\/index.php?rest_route=\/wp\/v2\/types\/post"}],"author":[{"embeddable":true,"href":"http:\/\/soldatenschicksale.de\/index.php?rest_route=\/wp\/v2\/users\/2"}],"replies":[{"embeddable":true,"href":"http:\/\/soldatenschicksale.de\/index.php?rest_route=%2Fwp%2Fv2%2Fcomments&post=3856"}],"version-history":[{"count":3,"href":"http:\/\/soldatenschicksale.de\/index.php?rest_route=\/wp\/v2\/posts\/3856\/revisions"}],"predecessor-version":[{"id":3863,"href":"http:\/\/soldatenschicksale.de\/index.php?rest_route=\/wp\/v2\/posts\/3856\/revisions\/3863"}],"wp:attachment":[{"href":"http:\/\/soldatenschicksale.de\/index.php?rest_route=%2Fwp%2Fv2%2Fmedia&parent=3856"}],"wp:term":[{"taxonomy":"category","embeddable":true,"href":"http:\/\/soldatenschicksale.de\/index.php?rest_route=%2Fwp%2Fv2%2Fcategories&post=3856"},{"taxonomy":"post_tag","embeddable":true,"href":"http:\/\/soldatenschicksale.de\/index.php?rest_route=%2Fwp%2Fv2%2Ftags&post=3856"}],"curies":[{"name":"wp","href":"https:\/\/api.w.org\/{rel}","templated":true}]}}