{"id":3895,"date":"2025-03-13T00:00:45","date_gmt":"2025-03-12T23:00:45","guid":{"rendered":"http:\/\/soldatenschicksale.de\/?p=3895"},"modified":"2025-02-13T08:30:20","modified_gmt":"2025-02-13T07:30:20","slug":"soldatenschicksale-des-1-weltkrieges-teil-202-ludwig-lerf","status":"publish","type":"post","link":"http:\/\/soldatenschicksale.de\/?p=3895","title":{"rendered":"Soldatenschicksale des 1. Weltkrieges Teil 202: Ludwig Lerf"},"content":{"rendered":"<p>Der Soldat Ludwig Lerf stammte aus der bayerischen Gemeinde <a href=\"https:\/\/de.wikipedia.org\/wiki\/Friesenried\" target=\"_blank\" rel=\"noopener\">Friesenried<\/a>. Er k\u00e4mpfte im Ersten Weltkrieg als Sch\u00fctze in der Maschinengewehr-Kompanie des 1. bayerischen Landwehr-Infanterie-Regiments. Am 22.03.1916 starb er w\u00e4hrend der K\u00e4mpfe in den Vogesen am <a href=\"https:\/\/de.wikipedia.org\/wiki\/Collet_du_Linge\" target=\"_blank\" rel=\"noopener\">Lingekopf<\/a> n\u00f6rdlich der Stadt <a href=\"https:\/\/de.wikipedia.org\/wiki\/Munster_(Haut-Rhin)\" target=\"_blank\" rel=\"noopener\">M\u00fcnster<\/a> (franz\u00f6sisch: Munster, els\u00e4ssisch: Menschter). Nach schwerer Verwundung starb er im Lazarett bei der Ortschaft <a href=\"https:\/\/de.wikipedia.org\/wiki\/Trois-%C3%89pis\" target=\"_blank\" rel=\"noopener\">Drei \u00c4hren<\/a> (franz\u00f6sisch: Trois-\u00c9pis).<\/p>\n<p>Man begrub Ludwig Lerf auf dem Soldatenfriedhof <span data-sheets-root=\"1\"><a class=\"in-cell-link\" href=\"https:\/\/www.google.de\/maps\/place\/Ammerschwihr,+Frankreich\/@48.1167085,7.2318824,13z\/data=!3m1!4b1!4m5!3m4!1s0x479161162b7e2d4f:0x40a5fb99a3940d0!8m2!3d48.1256119!4d7.281956\" target=\"_blank\" rel=\"noopener\">Ammerschwihr<\/a><\/span> in <span data-sheets-root=\"1\">Grab 61.<\/span><\/p>\n<p>In seiner Heimatgemeinde Friesenried gedenkt man Ludwig Lerf noch heute auf einem Denkmal: <a href=\"http:\/\/www.denkmalprojekt.org\/dkm_deutschland\/friesenried_wk1u2_bay.htm\" target=\"_blank\" rel=\"noopener\">http:\/\/www.denkmalprojekt.org\/dkm_deutschland\/friesenried_wk1u2_bay.htm<\/a><\/p>\n<figure id=\"attachment_3348\" aria-describedby=\"caption-attachment-3348\" style=\"width: 474px\" class=\"wp-caption aligncenter\"><img loading=\"lazy\" decoding=\"async\" class=\"size-full wp-image-3348\" src=\"http:\/\/soldatenschicksale.de\/wp-content\/uploads\/2025\/01\/Ludwig-Lerf.jpg\" alt=\"\" width=\"474\" height=\"800\" srcset=\"http:\/\/soldatenschicksale.de\/wp-content\/uploads\/2025\/01\/Ludwig-Lerf.jpg 474w, http:\/\/soldatenschicksale.de\/wp-content\/uploads\/2025\/01\/Ludwig-Lerf-178x300.jpg 178w\" sizes=\"auto, (max-width: 474px) 85vw, 474px\" \/><figcaption id=\"caption-attachment-3348\" class=\"wp-caption-text\">Das Grab von Ludwig Lerf auf dem Soldatenfriedhof Ammerschwihr<\/figcaption><\/figure>\n","protected":false},"excerpt":{"rendered":"<p>Der Soldat Ludwig Lerf stammte aus der bayerischen Gemeinde Friesenried. Er k\u00e4mpfte im Ersten Weltkrieg als Sch\u00fctze in der Maschinengewehr-Kompanie des 1. bayerischen Landwehr-Infanterie-Regiments. Am 22.03.1916 starb er w\u00e4hrend der K\u00e4mpfe in den Vogesen am Lingekopf n\u00f6rdlich der Stadt M\u00fcnster (franz\u00f6sisch: Munster, els\u00e4ssisch: Menschter). Nach schwerer Verwundung starb er im Lazarett bei der Ortschaft Drei &hellip; <a href=\"http:\/\/soldatenschicksale.de\/?p=3895\" class=\"more-link\"><span class=\"screen-reader-text\">\u201eSoldatenschicksale des 1. Weltkrieges Teil 202: Ludwig Lerf\u201c <\/span>weiterlesen<\/a><\/p>\n","protected":false},"author":2,"featured_media":0,"comment_status":"closed","ping_status":"open","sticky":false,"template":"","format":"standard","meta":{"footnotes":"","_wp_rev_ctl_limit":""},"categories":[1007,76,988,468,75],"tags":[1495,1479,21,1558,30,303,78,1647,990,1498,211,1526,1486,184,355,1481,306,239],"class_list":["post-3895","post","type-post","status-publish","format-standard","hentry","category-1-weltkrieg","category-frankreich","category-grand-est","category-vogesen-elsass","category-westfront","tag-1-bayerisches-landwehr-infanterie-regiment","tag-ammerschwihr","tag-bayern","tag-collet-du-linge","tag-denkmal","tag-elsass","tag-frankreich","tag-friesenried","tag-grand-est","tag-lingekopf","tag-maschinengewehr-kompanie","tag-menschter","tag-muenster","tag-schuetze","tag-schwer-verwundet","tag-trois-epis","tag-vogesen","tag-westfront"],"_links":{"self":[{"href":"http:\/\/soldatenschicksale.de\/index.php?rest_route=\/wp\/v2\/posts\/3895","targetHints":{"allow":["GET"]}}],"collection":[{"href":"http:\/\/soldatenschicksale.de\/index.php?rest_route=\/wp\/v2\/posts"}],"about":[{"href":"http:\/\/soldatenschicksale.de\/index.php?rest_route=\/wp\/v2\/types\/post"}],"author":[{"embeddable":true,"href":"http:\/\/soldatenschicksale.de\/index.php?rest_route=\/wp\/v2\/users\/2"}],"replies":[{"embeddable":true,"href":"http:\/\/soldatenschicksale.de\/index.php?rest_route=%2Fwp%2Fv2%2Fcomments&post=3895"}],"version-history":[{"count":3,"href":"http:\/\/soldatenschicksale.de\/index.php?rest_route=\/wp\/v2\/posts\/3895\/revisions"}],"predecessor-version":[{"id":3901,"href":"http:\/\/soldatenschicksale.de\/index.php?rest_route=\/wp\/v2\/posts\/3895\/revisions\/3901"}],"wp:attachment":[{"href":"http:\/\/soldatenschicksale.de\/index.php?rest_route=%2Fwp%2Fv2%2Fmedia&parent=3895"}],"wp:term":[{"taxonomy":"category","embeddable":true,"href":"http:\/\/soldatenschicksale.de\/index.php?rest_route=%2Fwp%2Fv2%2Fcategories&post=3895"},{"taxonomy":"post_tag","embeddable":true,"href":"http:\/\/soldatenschicksale.de\/index.php?rest_route=%2Fwp%2Fv2%2Ftags&post=3895"}],"curies":[{"name":"wp","href":"https:\/\/api.w.org\/{rel}","templated":true}]}}