{"id":3902,"date":"2025-03-14T00:00:24","date_gmt":"2025-03-13T23:00:24","guid":{"rendered":"http:\/\/soldatenschicksale.de\/?p=3902"},"modified":"2025-02-13T08:59:23","modified_gmt":"2025-02-13T07:59:23","slug":"soldatenschicksale-des-1-weltkrieges-teil-203-friedrich-schneider","status":"publish","type":"post","link":"http:\/\/soldatenschicksale.de\/?p=3902","title":{"rendered":"Soldatenschicksale des 1. Weltkrieges Teil 203: Friedrich Schneider"},"content":{"rendered":"<p>Der Soldat Friedrich Schneider stammte aus der bayerischen Stadt <a href=\"https:\/\/de.wikipedia.org\/wiki\/Bamberg\" target=\"_blank\" rel=\"noopener\">Bamberg<\/a>. Im Ersten Weltkrieg k\u00e4mpfte er als Gefreiter in der 2. Batterie des 1. bayerischen Landsturm-Artillerie-Abteilung. Am 18.08.1915 fiel er w\u00e4hrend der K\u00e4mpfe in den Vogesen n\u00f6rdlich der Stadt M\u00fcnster (franz\u00f6sisch: Munster, els\u00e4ssisch: Menschter). Er wurde am sogenannten <a href=\"https:\/\/maps.app.goo.gl\/BVmJqcttQ2GByeH68\" target=\"_blank\" rel=\"noopener\">B\u00e4renstall<\/a> (heute der deutsche Soldatenfriedhof Hohrod) get\u00f6tet.<\/p>\n<p>Man begrub Friedrich Schneider auf dem Soldatenfriedhof <span data-sheets-root=\"1\"><a class=\"in-cell-link\" href=\"https:\/\/www.google.de\/maps\/place\/Ammerschwihr,+Frankreich\/@48.1167085,7.2318824,13z\/data=!3m1!4b1!4m5!3m4!1s0x479161162b7e2d4f:0x40a5fb99a3940d0!8m2!3d48.1256119!4d7.281956\" target=\"_blank\" rel=\"noopener\">Ammerschwihr<\/a><\/span> in Grab 62.<\/p>\n<p>Auf dem Bamberger Hauptfriedhof gedenkt man Friedrich Schneider noch heute auf einem Denkmal: <a href=\"http:\/\/www.denkmalprojekt.org\/2009\/bamberg_hauptfrdh_wk1_p-s_bay.htm\" target=\"_blank\" rel=\"noopener\">http:\/\/www.denkmalprojekt.org\/2009\/bamberg_hauptfrdh_wk1_p-s_bay.htm<\/a>, ebenso in der Martinskirche in Bamberg <a href=\"http:\/\/www.denkmalprojekt.org\/2010\/bamberg_st_martin_wk1u2_bay.htm\" target=\"_blank\" rel=\"noopener\">http:\/\/www.denkmalprojekt.org\/2010\/bamberg_st_martin_wk1u2_bay.htm<\/a><\/p>\n<figure id=\"attachment_3347\" aria-describedby=\"caption-attachment-3347\" style=\"width: 460px\" class=\"wp-caption aligncenter\"><img loading=\"lazy\" decoding=\"async\" class=\"size-full wp-image-3347\" src=\"http:\/\/soldatenschicksale.de\/wp-content\/uploads\/2025\/01\/Friedrich-Schneider.jpg\" alt=\"\" width=\"460\" height=\"800\" srcset=\"http:\/\/soldatenschicksale.de\/wp-content\/uploads\/2025\/01\/Friedrich-Schneider.jpg 460w, http:\/\/soldatenschicksale.de\/wp-content\/uploads\/2025\/01\/Friedrich-Schneider-173x300.jpg 173w\" sizes=\"auto, (max-width: 460px) 85vw, 460px\" \/><figcaption id=\"caption-attachment-3347\" class=\"wp-caption-text\">Das Grab von Friedrich Schneider auf dem Soldatenfriedhof Ammerschwihr<\/figcaption><\/figure>\n","protected":false},"excerpt":{"rendered":"<p>Der Soldat Friedrich Schneider stammte aus der bayerischen Stadt Bamberg. Im Ersten Weltkrieg k\u00e4mpfte er als Gefreiter in der 2. Batterie des 1. bayerischen Landsturm-Artillerie-Abteilung. Am 18.08.1915 fiel er w\u00e4hrend der K\u00e4mpfe in den Vogesen n\u00f6rdlich der Stadt M\u00fcnster (franz\u00f6sisch: Munster, els\u00e4ssisch: Menschter). Er wurde am sogenannten B\u00e4renstall (heute der deutsche Soldatenfriedhof Hohrod) get\u00f6tet. Man &hellip; <a href=\"http:\/\/soldatenschicksale.de\/?p=3902\" class=\"more-link\"><span class=\"screen-reader-text\">\u201eSoldatenschicksale des 1. Weltkrieges Teil 203: Friedrich Schneider\u201c <\/span>weiterlesen<\/a><\/p>\n","protected":false},"author":2,"featured_media":0,"comment_status":"closed","ping_status":"open","sticky":false,"template":"","format":"standard","meta":{"footnotes":"","_wp_rev_ctl_limit":""},"categories":[1007,76,988,468,75],"tags":[1649,1479,1648,21,30,303,78,11,990,1650,1526,1486,306,239],"class_list":["post-3902","post","type-post","status-publish","format-standard","hentry","category-1-weltkrieg","category-frankreich","category-grand-est","category-vogesen-elsass","category-westfront","tag-1-bayerische-landsturm-artillerie-abteilung","tag-ammerschwihr","tag-bamberg","tag-bayern","tag-denkmal","tag-elsass","tag-frankreich","tag-gefreiter","tag-grand-est","tag-hohrod","tag-menschter","tag-muenster","tag-vogesen","tag-westfront"],"_links":{"self":[{"href":"http:\/\/soldatenschicksale.de\/index.php?rest_route=\/wp\/v2\/posts\/3902","targetHints":{"allow":["GET"]}}],"collection":[{"href":"http:\/\/soldatenschicksale.de\/index.php?rest_route=\/wp\/v2\/posts"}],"about":[{"href":"http:\/\/soldatenschicksale.de\/index.php?rest_route=\/wp\/v2\/types\/post"}],"author":[{"embeddable":true,"href":"http:\/\/soldatenschicksale.de\/index.php?rest_route=\/wp\/v2\/users\/2"}],"replies":[{"embeddable":true,"href":"http:\/\/soldatenschicksale.de\/index.php?rest_route=%2Fwp%2Fv2%2Fcomments&post=3902"}],"version-history":[{"count":3,"href":"http:\/\/soldatenschicksale.de\/index.php?rest_route=\/wp\/v2\/posts\/3902\/revisions"}],"predecessor-version":[{"id":3907,"href":"http:\/\/soldatenschicksale.de\/index.php?rest_route=\/wp\/v2\/posts\/3902\/revisions\/3907"}],"wp:attachment":[{"href":"http:\/\/soldatenschicksale.de\/index.php?rest_route=%2Fwp%2Fv2%2Fmedia&parent=3902"}],"wp:term":[{"taxonomy":"category","embeddable":true,"href":"http:\/\/soldatenschicksale.de\/index.php?rest_route=%2Fwp%2Fv2%2Fcategories&post=3902"},{"taxonomy":"post_tag","embeddable":true,"href":"http:\/\/soldatenschicksale.de\/index.php?rest_route=%2Fwp%2Fv2%2Ftags&post=3902"}],"curies":[{"name":"wp","href":"https:\/\/api.w.org\/{rel}","templated":true}]}}