{"id":3915,"date":"2025-03-16T00:00:35","date_gmt":"2025-03-15T23:00:35","guid":{"rendered":"http:\/\/soldatenschicksale.de\/?p=3915"},"modified":"2025-02-13T09:45:46","modified_gmt":"2025-02-13T08:45:46","slug":"soldatenschicksale-des-1-weltkrieges-teil-205-josef-kerbl","status":"publish","type":"post","link":"http:\/\/soldatenschicksale.de\/?p=3915","title":{"rendered":"Soldatenschicksale des 1. Weltkrieges Teil 205: Josef Kerbl"},"content":{"rendered":"<p>Der Soldat Josef Kerbl stammte aus der bayerischen Landeshauptstadt <a href=\"https:\/\/de.wikipedia.org\/wiki\/M%C3%BCnchen\" target=\"_blank\" rel=\"noopener\">M\u00fcnchen<\/a>. Im Ersten Weltkrieg k\u00e4mpfte er als Sch\u00fctze im 2. Maschinengewehr-Zug der MG-Kompanie des 1. bayerisches Landwehr-Infanterie-Regiments. Am 28.02.1916 fiel er w\u00e4hrend der K\u00e4mpfe am Lingekopf n\u00f6rdlich der Stadt <a href=\"https:\/\/de.wikipedia.org\/wiki\/Munster_(Haut-Rhin)\" target=\"_blank\" rel=\"noopener\">M\u00fcnster<\/a> (franz\u00f6sisch: Munster, els\u00e4ssisch: Menschter) am <a href=\"https:\/\/maps.app.goo.gl\/QsWjHgb4QWK9KQr79\" target=\"_blank\" rel=\"noopener\">Schratzm\u00e4nnele<\/a> in der N\u00e4he des <a href=\"https:\/\/de.wikipedia.org\/wiki\/Collet_du_Linge\" target=\"_blank\" rel=\"noopener\">Lingekopfes<\/a>.<\/p>\n<p>Man begrub Josef Kerbl auf dem Soldatenfriedhof <span data-sheets-root=\"1\"><a class=\"in-cell-link\" href=\"https:\/\/www.google.de\/maps\/place\/Ammerschwihr,+Frankreich\/@48.1167085,7.2318824,13z\/data=!3m1!4b1!4m5!3m4!1s0x479161162b7e2d4f:0x40a5fb99a3940d0!8m2!3d48.1256119!4d7.281956\" target=\"_blank\" rel=\"noopener\">Ammerschwihr<\/a><\/span> in <span data-sheets-root=\"1\">Grab 58.<\/span><\/p>\n<p>In M\u00fcnchen-Bogenhausen gedenkt man Josef Kerbl noch heute auf einem Denkmal: <a href=\"http:\/\/www.denkmalprojekt.org\/dkm_deutschland\/m-bogenhausen.htm\" target=\"_blank\" rel=\"noopener\">http:\/\/www.denkmalprojekt.org\/dkm_deutschland\/m-bogenhausen.htm<\/a><\/p>\n<figure id=\"attachment_3357\" aria-describedby=\"caption-attachment-3357\" style=\"width: 440px\" class=\"wp-caption aligncenter\"><img loading=\"lazy\" decoding=\"async\" class=\"size-full wp-image-3357\" src=\"http:\/\/soldatenschicksale.de\/wp-content\/uploads\/2025\/01\/Josef-Kerbl.jpg\" alt=\"\" width=\"440\" height=\"800\" srcset=\"http:\/\/soldatenschicksale.de\/wp-content\/uploads\/2025\/01\/Josef-Kerbl.jpg 440w, http:\/\/soldatenschicksale.de\/wp-content\/uploads\/2025\/01\/Josef-Kerbl-165x300.jpg 165w\" sizes=\"auto, (max-width: 440px) 85vw, 440px\" \/><figcaption id=\"caption-attachment-3357\" class=\"wp-caption-text\">Das Grab von Josef Kerbl auf dem Soldatenfriedhof Ammerschwihr<\/figcaption><\/figure>\n","protected":false},"excerpt":{"rendered":"<p>Der Soldat Josef Kerbl stammte aus der bayerischen Landeshauptstadt M\u00fcnchen. Im Ersten Weltkrieg k\u00e4mpfte er als Sch\u00fctze im 2. Maschinengewehr-Zug der MG-Kompanie des 1. bayerisches Landwehr-Infanterie-Regiments. Am 28.02.1916 fiel er w\u00e4hrend der K\u00e4mpfe am Lingekopf n\u00f6rdlich der Stadt M\u00fcnster (franz\u00f6sisch: Munster, els\u00e4ssisch: Menschter) am Schratzm\u00e4nnele in der N\u00e4he des Lingekopfes. Man begrub Josef Kerbl auf &hellip; <a href=\"http:\/\/soldatenschicksale.de\/?p=3915\" class=\"more-link\"><span class=\"screen-reader-text\">\u201eSoldatenschicksale des 1. Weltkrieges Teil 205: Josef Kerbl\u201c <\/span>weiterlesen<\/a><\/p>\n","protected":false},"author":2,"featured_media":0,"comment_status":"closed","ping_status":"open","sticky":false,"template":"","format":"standard","meta":{"footnotes":"","_wp_rev_ctl_limit":""},"categories":[1007],"tags":[1495,1479,21,1558,30,303,78,990,1006,1498,211,1526,227,1486,1487,184,306,1496,239],"class_list":["post-3915","post","type-post","status-publish","format-standard","hentry","category-1-weltkrieg","tag-1-bayerisches-landwehr-infanterie-regiment","tag-ammerschwihr","tag-bayern","tag-collet-du-linge","tag-denkmal","tag-elsass","tag-frankreich","tag-grand-est","tag-landeshauptstadt","tag-lingekopf","tag-maschinengewehr-kompanie","tag-menschter","tag-muenchen","tag-muenster","tag-schratzmaennele","tag-schuetze","tag-vogesen","tag-vogesenkaempfe","tag-westfront"],"_links":{"self":[{"href":"http:\/\/soldatenschicksale.de\/index.php?rest_route=\/wp\/v2\/posts\/3915","targetHints":{"allow":["GET"]}}],"collection":[{"href":"http:\/\/soldatenschicksale.de\/index.php?rest_route=\/wp\/v2\/posts"}],"about":[{"href":"http:\/\/soldatenschicksale.de\/index.php?rest_route=\/wp\/v2\/types\/post"}],"author":[{"embeddable":true,"href":"http:\/\/soldatenschicksale.de\/index.php?rest_route=\/wp\/v2\/users\/2"}],"replies":[{"embeddable":true,"href":"http:\/\/soldatenschicksale.de\/index.php?rest_route=%2Fwp%2Fv2%2Fcomments&post=3915"}],"version-history":[{"count":3,"href":"http:\/\/soldatenschicksale.de\/index.php?rest_route=\/wp\/v2\/posts\/3915\/revisions"}],"predecessor-version":[{"id":3921,"href":"http:\/\/soldatenschicksale.de\/index.php?rest_route=\/wp\/v2\/posts\/3915\/revisions\/3921"}],"wp:attachment":[{"href":"http:\/\/soldatenschicksale.de\/index.php?rest_route=%2Fwp%2Fv2%2Fmedia&parent=3915"}],"wp:term":[{"taxonomy":"category","embeddable":true,"href":"http:\/\/soldatenschicksale.de\/index.php?rest_route=%2Fwp%2Fv2%2Fcategories&post=3915"},{"taxonomy":"post_tag","embeddable":true,"href":"http:\/\/soldatenschicksale.de\/index.php?rest_route=%2Fwp%2Fv2%2Ftags&post=3915"}],"curies":[{"name":"wp","href":"https:\/\/api.w.org\/{rel}","templated":true}]}}