{"id":3954,"date":"2025-03-17T03:00:16","date_gmt":"2025-03-17T02:00:16","guid":{"rendered":"http:\/\/soldatenschicksale.de\/?p=3954"},"modified":"2025-02-14T08:31:02","modified_gmt":"2025-02-14T07:31:02","slug":"soldatenschicksale-des-1-weltkrieges-teil-210-peter-veser","status":"publish","type":"post","link":"http:\/\/soldatenschicksale.de\/?p=3954","title":{"rendered":"Soldatenschicksale des 1. Weltkrieges Teil 210: Peter Veser"},"content":{"rendered":"<p>Der Soldat Peter Veser stammte aus der Stadt <a href=\"https:\/\/de.wikipedia.org\/wiki\/Munderkingen\" target=\"_blank\" rel=\"noopener\">Munderkingen<\/a> im heutigen Bundesland Baden-W\u00fcrttemberg. Im Ersten Weltkrieg k\u00e4mpfte er als Ersatz-Reservist in der 5. Kompanie des 1. bayerischen Landwehr-Infanterie-Regiments. Am 20.02.1916 verstarb er in einem Lazarett einer Sanit\u00e4ts-Kompanie bei <a href=\"https:\/\/de.wikipedia.org\/wiki\/Trois-%C3%89pis\" target=\"_blank\" rel=\"noopener\">Drei \u00c4hren<\/a> (franz\u00f6sisch: Trois-\u00c9pis), nachdem er zuvor bei den K\u00e4mpfen n\u00f6rdlich der Stadt <a href=\"https:\/\/de.wikipedia.org\/wiki\/Munster_(Haut-Rhin)\" target=\"_blank\" rel=\"noopener\">M\u00fcnster<\/a> (franz\u00f6sisch: Munster, els\u00e4ssisch: Menschter) schwer verwundet worden war.<\/p>\n<p>\u00dcber den Todestag und die Todesumst\u00e4nde von Peter Veser berichtet die Regimentsgeschichte des 1. bayerischen Landwehr-Infanterie-Regiments:<\/p>\n<blockquote><p>&#8222;Ab 20. Februar fast jeden Tag Schie\u00dfen mit zwei Priesterwerfern, bald am <a href=\"https:\/\/maps.app.goo.gl\/VVHBhbaskXBULmcy8\" target=\"_blank\" rel=\"noopener\">Barrenkopf<\/a>, bald am <a href=\"https:\/\/maps.app.goo.gl\/QsWjHgb4QWK9KQr79\" target=\"_blank\" rel=\"noopener\">Schratzm\u00e4nnele<\/a> oder <a href=\"https:\/\/de.wikipedia.org\/wiki\/Collet_du_Linge\" target=\"_blank\" rel=\"noopener\">Lingekopf<\/a> (Leutnant Petersen).<\/p><\/blockquote>\n<p>Man begrub Peter Veser auf dem Soldatenfriedhof <span data-sheets-root=\"1\"><a class=\"in-cell-link\" href=\"https:\/\/www.google.de\/maps\/place\/Ammerschwihr,+Frankreich\/@48.1167085,7.2318824,13z\/data=!3m1!4b1!4m5!3m4!1s0x479161162b7e2d4f:0x40a5fb99a3940d0!8m2!3d48.1256119!4d7.281956\" target=\"_blank\" rel=\"noopener\">Ammerschwihr<\/a><\/span> in <span data-sheets-root=\"1\">Grab 59.<\/span><\/p>\n<figure id=\"attachment_3359\" aria-describedby=\"caption-attachment-3359\" style=\"width: 453px\" class=\"wp-caption aligncenter\"><img loading=\"lazy\" decoding=\"async\" class=\"size-full wp-image-3359\" src=\"http:\/\/soldatenschicksale.de\/wp-content\/uploads\/2025\/01\/Peter-Veser.jpg\" alt=\"\" width=\"453\" height=\"800\" srcset=\"http:\/\/soldatenschicksale.de\/wp-content\/uploads\/2025\/01\/Peter-Veser.jpg 453w, http:\/\/soldatenschicksale.de\/wp-content\/uploads\/2025\/01\/Peter-Veser-170x300.jpg 170w\" sizes=\"auto, (max-width: 453px) 85vw, 453px\" \/><figcaption id=\"caption-attachment-3359\" class=\"wp-caption-text\">Das Grab von Peter Veser auf dem Soldatenfriedhof Ammerschwihr<\/figcaption><\/figure>\n","protected":false},"excerpt":{"rendered":"<p>Der Soldat Peter Veser stammte aus der Stadt Munderkingen im heutigen Bundesland Baden-W\u00fcrttemberg. Im Ersten Weltkrieg k\u00e4mpfte er als Ersatz-Reservist in der 5. Kompanie des 1. bayerischen Landwehr-Infanterie-Regiments. Am 20.02.1916 verstarb er in einem Lazarett einer Sanit\u00e4ts-Kompanie bei Drei \u00c4hren (franz\u00f6sisch: Trois-\u00c9pis), nachdem er zuvor bei den K\u00e4mpfen n\u00f6rdlich der Stadt M\u00fcnster (franz\u00f6sisch: Munster, els\u00e4ssisch: &hellip; <a href=\"http:\/\/soldatenschicksale.de\/?p=3954\" class=\"more-link\"><span class=\"screen-reader-text\">\u201eSoldatenschicksale des 1. Weltkrieges Teil 210: Peter Veser\u201c <\/span>weiterlesen<\/a><\/p>\n","protected":false},"author":2,"featured_media":0,"comment_status":"closed","ping_status":"open","sticky":false,"template":"","format":"standard","meta":{"footnotes":"","_wp_rev_ctl_limit":""},"categories":[1007,76,988,468,75],"tags":[1495,99,1663,1480,303,1326,1566,1498,1526,1662,1486,260,1487,355,1481,1555],"class_list":["post-3954","post","type-post","status-publish","format-standard","hentry","category-1-weltkrieg","category-frankreich","category-grand-est","category-vogesen-elsass","category-westfront","tag-1-bayerisches-landwehr-infanterie-regiment","tag-baden-wuerttemberg","tag-barrenkopf","tag-drei-aehren","tag-elsass","tag-ersatz-reservist","tag-lazarett-drei-aehren","tag-lingekopf","tag-menschter","tag-munderkingen","tag-muenster","tag-sanitaets-kompanie","tag-schratzmaennele","tag-schwer-verwundet","tag-trois-epis","tag-verbandplatz-drei-aehren"],"_links":{"self":[{"href":"http:\/\/soldatenschicksale.de\/index.php?rest_route=\/wp\/v2\/posts\/3954","targetHints":{"allow":["GET"]}}],"collection":[{"href":"http:\/\/soldatenschicksale.de\/index.php?rest_route=\/wp\/v2\/posts"}],"about":[{"href":"http:\/\/soldatenschicksale.de\/index.php?rest_route=\/wp\/v2\/types\/post"}],"author":[{"embeddable":true,"href":"http:\/\/soldatenschicksale.de\/index.php?rest_route=\/wp\/v2\/users\/2"}],"replies":[{"embeddable":true,"href":"http:\/\/soldatenschicksale.de\/index.php?rest_route=%2Fwp%2Fv2%2Fcomments&post=3954"}],"version-history":[{"count":3,"href":"http:\/\/soldatenschicksale.de\/index.php?rest_route=\/wp\/v2\/posts\/3954\/revisions"}],"predecessor-version":[{"id":3961,"href":"http:\/\/soldatenschicksale.de\/index.php?rest_route=\/wp\/v2\/posts\/3954\/revisions\/3961"}],"wp:attachment":[{"href":"http:\/\/soldatenschicksale.de\/index.php?rest_route=%2Fwp%2Fv2%2Fmedia&parent=3954"}],"wp:term":[{"taxonomy":"category","embeddable":true,"href":"http:\/\/soldatenschicksale.de\/index.php?rest_route=%2Fwp%2Fv2%2Fcategories&post=3954"},{"taxonomy":"post_tag","embeddable":true,"href":"http:\/\/soldatenschicksale.de\/index.php?rest_route=%2Fwp%2Fv2%2Ftags&post=3954"}],"curies":[{"name":"wp","href":"https:\/\/api.w.org\/{rel}","templated":true}]}}