{"id":3978,"date":"2025-03-18T00:00:10","date_gmt":"2025-03-17T23:00:10","guid":{"rendered":"http:\/\/soldatenschicksale.de\/?p=3978"},"modified":"2025-02-15T08:26:51","modified_gmt":"2025-02-15T07:26:51","slug":"soldatenschicksale-des-1-weltkrieges-teil-210","status":"publish","type":"post","link":"http:\/\/soldatenschicksale.de\/?p=3978","title":{"rendered":"Soldatenschicksale des 1. Weltkrieges Teil 210: Richard Arndt"},"content":{"rendered":"<p>Der Soldat Richard Arndt wurde am 03.02.1890 in <a href=\"https:\/\/de.wikipedia.org\/wiki\/Ottersleben\" target=\"_blank\" rel=\"noopener\">Gro\u00df-Ottersleben<\/a> geboren, einem Stadtteil von <a href=\"https:\/\/de.wikipedia.org\/wiki\/Magdeburg\" target=\"_blank\" rel=\"noopener\">Magdeburg<\/a> im heutigen Bundesland Sachsen-Anhalt. Er k\u00e4mpfte im Ersten Weltkrieg als Landsturmmann in der 6. Kompanie des 78. Reserve-Infanterie-Regiments. Am 19.08.1915\u00a0 fiel er n\u00f6rdlich der Stadt <a href=\"https:\/\/de.wikipedia.org\/wiki\/Munster_(Haut-Rhin)\" target=\"_blank\" rel=\"noopener\">M\u00fcnster<\/a> (franz\u00f6sisch: Munster, els\u00e4ssisch: Menschter) am <a href=\"https:\/\/maps.app.goo.gl\/RQGa8UTGYPYigfe5A\" target=\"_blank\" rel=\"noopener\">Schratzm\u00e4nnle<\/a>, nahe des <a href=\"https:\/\/de.wikipedia.org\/wiki\/Collet_du_Linge\" target=\"_blank\" rel=\"noopener\">Lingekopfes<\/a>.<\/p>\n<p>Man begrub Richard Arndt auf dem Soldatenfriedhof <span data-sheets-root=\"1\"><a class=\"in-cell-link\" href=\"https:\/\/www.google.de\/maps\/place\/Ammerschwihr,+Frankreich\/@48.1167085,7.2318824,13z\/data=!3m1!4b1!4m5!3m4!1s0x479161162b7e2d4f:0x40a5fb99a3940d0!8m2!3d48.1256119!4d7.281956\" target=\"_blank\" rel=\"noopener\">Ammerschwihr<\/a><\/span> in <span data-sheets-root=\"1\">Grab 53.<\/span><\/p>\n<p>In Gro\u00df-Ottersleben gedenkt man Richard Arndt noch heute auf einem Denkmal: <a href=\"http:\/\/www.denkmalprojekt.org\/2021\/gross-ottersleben_stadt-magdeburg_wk1_sa.html\" target=\"_blank\" rel=\"noopener\">http:\/\/www.denkmalprojekt.org\/2021\/gross-ottersleben_stadt-magdeburg_wk1_sa.html<\/a><\/p>\n<figure id=\"attachment_3362\" aria-describedby=\"caption-attachment-3362\" style=\"width: 444px\" class=\"wp-caption aligncenter\"><img loading=\"lazy\" decoding=\"async\" class=\"size-full wp-image-3362\" src=\"http:\/\/soldatenschicksale.de\/wp-content\/uploads\/2025\/01\/Richard-Arndt.jpg\" alt=\"\" width=\"444\" height=\"800\" srcset=\"http:\/\/soldatenschicksale.de\/wp-content\/uploads\/2025\/01\/Richard-Arndt.jpg 444w, http:\/\/soldatenschicksale.de\/wp-content\/uploads\/2025\/01\/Richard-Arndt-167x300.jpg 167w\" sizes=\"auto, (max-width: 444px) 85vw, 444px\" \/><figcaption id=\"caption-attachment-3362\" class=\"wp-caption-text\">Das Grab von Richard Arndt auf dem Soldatenfriedhof Ammerschwihr<\/figcaption><\/figure>\n","protected":false},"excerpt":{"rendered":"<p>Der Soldat Richard Arndt wurde am 03.02.1890 in Gro\u00df-Ottersleben geboren, einem Stadtteil von Magdeburg im heutigen Bundesland Sachsen-Anhalt. Er k\u00e4mpfte im Ersten Weltkrieg als Landsturmmann in der 6. Kompanie des 78. Reserve-Infanterie-Regiments. Am 19.08.1915\u00a0 fiel er n\u00f6rdlich der Stadt M\u00fcnster (franz\u00f6sisch: Munster, els\u00e4ssisch: Menschter) am Schratzm\u00e4nnle, nahe des Lingekopfes. Man begrub Richard Arndt auf dem &hellip; <a href=\"http:\/\/soldatenschicksale.de\/?p=3978\" class=\"more-link\"><span class=\"screen-reader-text\">\u201eSoldatenschicksale des 1. Weltkrieges Teil 210: Richard Arndt\u201c <\/span>weiterlesen<\/a><\/p>\n","protected":false},"author":2,"featured_media":0,"comment_status":"closed","ping_status":"open","sticky":false,"template":"","format":"standard","meta":{"footnotes":"","_wp_rev_ctl_limit":""},"categories":[1007,76,988,468,75],"tags":[1594,1479,1558,303,78,1115,1665,1094,1498,1666,1526,1486,1664,1145,1487,306,239],"class_list":["post-3978","post","type-post","status-publish","format-standard","hentry","category-1-weltkrieg","category-frankreich","category-grand-est","category-vogesen-elsass","category-westfront","tag-78-reserve-infanterie-regiment","tag-ammerschwihr","tag-collet-du-linge","tag-elsass","tag-frankreich","tag-gran-est","tag-gross-ottersleben","tag-landsturmmann","tag-lingekopf","tag-magdeburg","tag-menschter","tag-muenster","tag-ottersleben","tag-sachsen-anhalt","tag-schratzmaennele","tag-vogesen","tag-westfront"],"_links":{"self":[{"href":"http:\/\/soldatenschicksale.de\/index.php?rest_route=\/wp\/v2\/posts\/3978","targetHints":{"allow":["GET"]}}],"collection":[{"href":"http:\/\/soldatenschicksale.de\/index.php?rest_route=\/wp\/v2\/posts"}],"about":[{"href":"http:\/\/soldatenschicksale.de\/index.php?rest_route=\/wp\/v2\/types\/post"}],"author":[{"embeddable":true,"href":"http:\/\/soldatenschicksale.de\/index.php?rest_route=\/wp\/v2\/users\/2"}],"replies":[{"embeddable":true,"href":"http:\/\/soldatenschicksale.de\/index.php?rest_route=%2Fwp%2Fv2%2Fcomments&post=3978"}],"version-history":[{"count":3,"href":"http:\/\/soldatenschicksale.de\/index.php?rest_route=\/wp\/v2\/posts\/3978\/revisions"}],"predecessor-version":[{"id":3985,"href":"http:\/\/soldatenschicksale.de\/index.php?rest_route=\/wp\/v2\/posts\/3978\/revisions\/3985"}],"wp:attachment":[{"href":"http:\/\/soldatenschicksale.de\/index.php?rest_route=%2Fwp%2Fv2%2Fmedia&parent=3978"}],"wp:term":[{"taxonomy":"category","embeddable":true,"href":"http:\/\/soldatenschicksale.de\/index.php?rest_route=%2Fwp%2Fv2%2Fcategories&post=3978"},{"taxonomy":"post_tag","embeddable":true,"href":"http:\/\/soldatenschicksale.de\/index.php?rest_route=%2Fwp%2Fv2%2Ftags&post=3978"}],"curies":[{"name":"wp","href":"https:\/\/api.w.org\/{rel}","templated":true}]}}