{"id":4032,"date":"2025-03-23T00:00:33","date_gmt":"2025-03-22T23:00:33","guid":{"rendered":"http:\/\/soldatenschicksale.de\/?p=4032"},"modified":"2025-02-18T08:01:39","modified_gmt":"2025-02-18T07:01:39","slug":"soldatenschicksale-des-1-weltkrieges-teil-212","status":"publish","type":"post","link":"http:\/\/soldatenschicksale.de\/?p=4032","title":{"rendered":"Soldatenschicksale des 1. Weltkrieges Teil 213: Albert Roever"},"content":{"rendered":"<p>Der Soldat Albert Roever wurde am 05.01.1884 in <a href=\"https:\/\/de.wikipedia.org\/wiki\/Lamme\" target=\"_blank\" rel=\"noopener\">Lamme<\/a> geboren, einem Stadtteil von <a href=\"https:\/\/de.wikipedia.org\/wiki\/Braunschweig\" target=\"_blank\" rel=\"noopener\">Braunschweig<\/a> im heutigen Bundeland Niedersachsen. Im Ersten Weltkrieg k\u00e4mpfte er als Wehrmann in der 7. Kompanie des 78. Reserve-Infanterie-Regiments. Am 19.08.1915 fiel er w\u00e4hrend der K\u00e4mpfe in den Vogesen n\u00f6rdlich der Stadt <a href=\"https:\/\/de.wikipedia.org\/wiki\/Munster_(Haut-Rhin)\" target=\"_blank\" rel=\"noopener\">M\u00fcnster<\/a> (franz\u00f6sisch: Munster, els\u00e4ssisch: Menschter) im Alter von 31 Jahren. Er fiel am <a href=\"https:\/\/maps.app.goo.gl\/RQGa8UTGYPYigfe5A\" target=\"_blank\" rel=\"noopener\">Schratzm\u00e4nnle<\/a>, nahe des <a href=\"https:\/\/de.wikipedia.org\/wiki\/Collet_du_Linge\" target=\"_blank\" rel=\"noopener\">Lingekopfes<\/a><\/p>\n<p>Man begrub Albert Roever auf dem Soldatenfriedhof <span data-sheets-root=\"1\"><a class=\"in-cell-link\" href=\"https:\/\/www.google.de\/maps\/place\/Ammerschwihr,+Frankreich\/@48.1167085,7.2318824,13z\/data=!3m1!4b1!4m5!3m4!1s0x479161162b7e2d4f:0x40a5fb99a3940d0!8m2!3d48.1256119!4d7.281956\" target=\"_blank\" rel=\"noopener\">Ammerschwihr<\/a><\/span> in Grab 52.<\/p>\n<p>In Lamme gedenkt man Albert Roever noch heute auf einem Denkmal: <a href=\"http:\/\/www.denkmalprojekt.org\/2009\/bs-lamme_wk1u2_ns.htm\" target=\"_blank\" rel=\"noopener\">http:\/\/www.denkmalprojekt.org\/2009\/bs-lamme_wk1u2_ns.htm<\/a><\/p>\n<figure id=\"attachment_3392\" aria-describedby=\"caption-attachment-3392\" style=\"width: 410px\" class=\"wp-caption aligncenter\"><img loading=\"lazy\" decoding=\"async\" class=\"size-full wp-image-3392\" src=\"http:\/\/soldatenschicksale.de\/wp-content\/uploads\/2025\/01\/Albert-Roever.jpg\" alt=\"\" width=\"410\" height=\"800\" srcset=\"http:\/\/soldatenschicksale.de\/wp-content\/uploads\/2025\/01\/Albert-Roever.jpg 410w, http:\/\/soldatenschicksale.de\/wp-content\/uploads\/2025\/01\/Albert-Roever-154x300.jpg 154w\" sizes=\"auto, (max-width: 410px) 85vw, 410px\" \/><figcaption id=\"caption-attachment-3392\" class=\"wp-caption-text\">Das Grab von Albert Roever auf dem Soldatenfriedhof Ammerschwihr<\/figcaption><\/figure>\n","protected":false},"excerpt":{"rendered":"<p>Der Soldat Albert Roever wurde am 05.01.1884 in Lamme geboren, einem Stadtteil von Braunschweig im heutigen Bundeland Niedersachsen. Im Ersten Weltkrieg k\u00e4mpfte er als Wehrmann in der 7. Kompanie des 78. Reserve-Infanterie-Regiments. Am 19.08.1915 fiel er w\u00e4hrend der K\u00e4mpfe in den Vogesen n\u00f6rdlich der Stadt M\u00fcnster (franz\u00f6sisch: Munster, els\u00e4ssisch: Menschter) im Alter von 31 Jahren. &hellip; <a href=\"http:\/\/soldatenschicksale.de\/?p=4032\" class=\"more-link\"><span class=\"screen-reader-text\">\u201eSoldatenschicksale des 1. Weltkrieges Teil 213: Albert Roever\u201c <\/span>weiterlesen<\/a><\/p>\n","protected":false},"author":2,"featured_media":0,"comment_status":"closed","ping_status":"open","sticky":false,"template":"","format":"standard","meta":{"footnotes":"","_wp_rev_ctl_limit":""},"categories":[1007,76,988,468,75],"tags":[1594,1479,1143,1558,30,303,78,990,1675,1498,139,1670,306,1259,239],"class_list":["post-4032","post","type-post","status-publish","format-standard","hentry","category-1-weltkrieg","category-frankreich","category-grand-est","category-vogesen-elsass","category-westfront","tag-78-reserve-infanterie-regiment","tag-ammerschwihr","tag-braunschweig","tag-collet-du-linge","tag-denkmal","tag-elsass","tag-frankreich","tag-grand-est","tag-lamme","tag-lingekopf","tag-niedersachsen","tag-schratzmaennle","tag-vogesen","tag-wehrmann","tag-westfront"],"_links":{"self":[{"href":"http:\/\/soldatenschicksale.de\/index.php?rest_route=\/wp\/v2\/posts\/4032","targetHints":{"allow":["GET"]}}],"collection":[{"href":"http:\/\/soldatenschicksale.de\/index.php?rest_route=\/wp\/v2\/posts"}],"about":[{"href":"http:\/\/soldatenschicksale.de\/index.php?rest_route=\/wp\/v2\/types\/post"}],"author":[{"embeddable":true,"href":"http:\/\/soldatenschicksale.de\/index.php?rest_route=\/wp\/v2\/users\/2"}],"replies":[{"embeddable":true,"href":"http:\/\/soldatenschicksale.de\/index.php?rest_route=%2Fwp%2Fv2%2Fcomments&post=4032"}],"version-history":[{"count":3,"href":"http:\/\/soldatenschicksale.de\/index.php?rest_route=\/wp\/v2\/posts\/4032\/revisions"}],"predecessor-version":[{"id":4063,"href":"http:\/\/soldatenschicksale.de\/index.php?rest_route=\/wp\/v2\/posts\/4032\/revisions\/4063"}],"wp:attachment":[{"href":"http:\/\/soldatenschicksale.de\/index.php?rest_route=%2Fwp%2Fv2%2Fmedia&parent=4032"}],"wp:term":[{"taxonomy":"category","embeddable":true,"href":"http:\/\/soldatenschicksale.de\/index.php?rest_route=%2Fwp%2Fv2%2Fcategories&post=4032"},{"taxonomy":"post_tag","embeddable":true,"href":"http:\/\/soldatenschicksale.de\/index.php?rest_route=%2Fwp%2Fv2%2Ftags&post=4032"}],"curies":[{"name":"wp","href":"https:\/\/api.w.org\/{rel}","templated":true}]}}