{"id":4070,"date":"2025-03-25T00:00:16","date_gmt":"2025-03-24T23:00:16","guid":{"rendered":"http:\/\/soldatenschicksale.de\/?p=4070"},"modified":"2025-02-18T10:59:23","modified_gmt":"2025-02-18T09:59:23","slug":"soldatenschicksale-des-1-weltkrieges-teil-215-dionys-lederer","status":"publish","type":"post","link":"http:\/\/soldatenschicksale.de\/?p=4070","title":{"rendered":"Soldatenschicksale des 1. Weltkrieges Teil 215: Dionys Lederer"},"content":{"rendered":"<p>Der Soldat Dionys Lederer stammte aus der bayerischen Gemeinde <a href=\"https:\/\/de.wikipedia.org\/wiki\/Gr%C3%A4felfing\" target=\"_blank\" rel=\"noopener\">Gr\u00e4felfing<\/a>. Im Ersten Weltkrieg k\u00e4mpfte er als Wehrmann in der 4. Kompanie des 1. bayerischen Landwehr-Infanterie-Regiments. Am 19.08.1915 starb er in einem Lazarett bei <a href=\"https:\/\/de.wikipedia.org\/wiki\/Trois-%C3%89pis\" target=\"_blank\" rel=\"noopener\">Drei \u00c4hren<\/a> (franz\u00f6sisch: Trois-\u00c9pis), nachdem er bei den Vogesenk\u00e4mpfen (Zweite Schlacht um M\u00fcnster) n\u00f6rdlich der Stadt M\u00fcnster (franz\u00f6sisch: Munster, els\u00e4ssisch: Menschter) am <a href=\"https:\/\/de.wikipedia.org\/wiki\/Collet_du_Linge\" target=\"_blank\" rel=\"noopener\">Linigekopf<\/a> schwer verwundet worden war.<\/p>\n<p>Man begrub Dionys Lederer auf dem Soldatenfriedhof <span data-sheets-root=\"1\"><a class=\"in-cell-link\" href=\"https:\/\/www.google.de\/maps\/place\/Ammerschwihr,+Frankreich\/@48.1167085,7.2318824,13z\/data=!3m1!4b1!4m5!3m4!1s0x479161162b7e2d4f:0x40a5fb99a3940d0!8m2!3d48.1256119!4d7.281956\" target=\"_blank\" rel=\"noopener\">Ammerschwihr<\/a><\/span> in Grab 48.<\/p>\n<figure id=\"attachment_3395\" aria-describedby=\"caption-attachment-3395\" style=\"width: 459px\" class=\"wp-caption aligncenter\"><img loading=\"lazy\" decoding=\"async\" class=\"size-full wp-image-3395\" src=\"http:\/\/soldatenschicksale.de\/wp-content\/uploads\/2025\/01\/Dionys-Lederer.jpg\" alt=\"\" width=\"459\" height=\"800\" srcset=\"http:\/\/soldatenschicksale.de\/wp-content\/uploads\/2025\/01\/Dionys-Lederer.jpg 459w, http:\/\/soldatenschicksale.de\/wp-content\/uploads\/2025\/01\/Dionys-Lederer-172x300.jpg 172w\" sizes=\"auto, (max-width: 459px) 85vw, 459px\" \/><figcaption id=\"caption-attachment-3395\" class=\"wp-caption-text\">Das Grab von Dionys Lederer auf dem Soldatenfriedhof Ammerschwihr<\/figcaption><\/figure>\n","protected":false},"excerpt":{"rendered":"<p>Der Soldat Dionys Lederer stammte aus der bayerischen Gemeinde Gr\u00e4felfing. Im Ersten Weltkrieg k\u00e4mpfte er als Wehrmann in der 4. Kompanie des 1. bayerischen Landwehr-Infanterie-Regiments. Am 19.08.1915 starb er in einem Lazarett bei Drei \u00c4hren (franz\u00f6sisch: Trois-\u00c9pis), nachdem er bei den Vogesenk\u00e4mpfen (Zweite Schlacht um M\u00fcnster) n\u00f6rdlich der Stadt M\u00fcnster (franz\u00f6sisch: Munster, els\u00e4ssisch: Menschter) am &hellip; <a href=\"http:\/\/soldatenschicksale.de\/?p=4070\" class=\"more-link\"><span class=\"screen-reader-text\">\u201eSoldatenschicksale des 1. Weltkrieges Teil 215: Dionys Lederer\u201c <\/span>weiterlesen<\/a><\/p>\n","protected":false},"author":2,"featured_media":0,"comment_status":"closed","ping_status":"open","sticky":false,"template":"","format":"standard","meta":{"footnotes":"","_wp_rev_ctl_limit":""},"categories":[1007,76,988,468,75],"tags":[1495,1479,21,1558,303,78,1677,990,1566,1498,1526,1486,1481,306,1259,239,1674],"class_list":["post-4070","post","type-post","status-publish","format-standard","hentry","category-1-weltkrieg","category-frankreich","category-grand-est","category-vogesen-elsass","category-westfront","tag-1-bayerisches-landwehr-infanterie-regiment","tag-ammerschwihr","tag-bayern","tag-collet-du-linge","tag-elsass","tag-frankreich","tag-graefelfing","tag-grand-est","tag-lazarett-drei-aehren","tag-lingekopf","tag-menschter","tag-muenster","tag-trois-epis","tag-vogesen","tag-wehrmann","tag-westfront","tag-zweite-schlacht-um-muenster"],"_links":{"self":[{"href":"http:\/\/soldatenschicksale.de\/index.php?rest_route=\/wp\/v2\/posts\/4070","targetHints":{"allow":["GET"]}}],"collection":[{"href":"http:\/\/soldatenschicksale.de\/index.php?rest_route=\/wp\/v2\/posts"}],"about":[{"href":"http:\/\/soldatenschicksale.de\/index.php?rest_route=\/wp\/v2\/types\/post"}],"author":[{"embeddable":true,"href":"http:\/\/soldatenschicksale.de\/index.php?rest_route=\/wp\/v2\/users\/2"}],"replies":[{"embeddable":true,"href":"http:\/\/soldatenschicksale.de\/index.php?rest_route=%2Fwp%2Fv2%2Fcomments&post=4070"}],"version-history":[{"count":3,"href":"http:\/\/soldatenschicksale.de\/index.php?rest_route=\/wp\/v2\/posts\/4070\/revisions"}],"predecessor-version":[{"id":4076,"href":"http:\/\/soldatenschicksale.de\/index.php?rest_route=\/wp\/v2\/posts\/4070\/revisions\/4076"}],"wp:attachment":[{"href":"http:\/\/soldatenschicksale.de\/index.php?rest_route=%2Fwp%2Fv2%2Fmedia&parent=4070"}],"wp:term":[{"taxonomy":"category","embeddable":true,"href":"http:\/\/soldatenschicksale.de\/index.php?rest_route=%2Fwp%2Fv2%2Fcategories&post=4070"},{"taxonomy":"post_tag","embeddable":true,"href":"http:\/\/soldatenschicksale.de\/index.php?rest_route=%2Fwp%2Fv2%2Ftags&post=4070"}],"curies":[{"name":"wp","href":"https:\/\/api.w.org\/{rel}","templated":true}]}}