{"id":4100,"date":"2025-03-26T00:00:04","date_gmt":"2025-03-25T23:00:04","guid":{"rendered":"http:\/\/soldatenschicksale.de\/?p=4100"},"modified":"2025-02-19T05:56:02","modified_gmt":"2025-02-19T04:56:02","slug":"soldatenschicksale-des-1-weltkrieges-teil-216-friedrich-werner","status":"publish","type":"post","link":"http:\/\/soldatenschicksale.de\/?p=4100","title":{"rendered":"Soldatenschicksale des 1. Weltkrieges Teil 216: Friedrich Werner"},"content":{"rendered":"<p>Der Soldat Friedrich Werner stammte aus Gr\u00f6ningen, Oschersleben. Im Ersten Weltkrieg k\u00e4mpfte er als Musketier in der 9. Kompanie des 78. Reserve-Infanterie-Regiments. Am 23.08.1915 fiel er w\u00e4hrend der K\u00e4mpfe in den Vogesen n\u00f6rdlich der Stadt M\u00fcnster (franz\u00f6sisch: Munster, els\u00e4ssisch: Menschter).<\/p>\n<p>Man begrub Friedrich Werner auf dem Soldatenfriedhof <span data-sheets-root=\"1\"><a class=\"in-cell-link\" href=\"https:\/\/www.google.de\/maps\/place\/Ammerschwihr,+Frankreich\/@48.1167085,7.2318824,13z\/data=!3m1!4b1!4m5!3m4!1s0x479161162b7e2d4f:0x40a5fb99a3940d0!8m2!3d48.1256119!4d7.281956\" target=\"_blank\" rel=\"noopener\">Ammerschwihr<\/a><\/span> in Grab 49.<\/p>\n<figure id=\"attachment_3396\" aria-describedby=\"caption-attachment-3396\" style=\"width: 471px\" class=\"wp-caption aligncenter\"><img loading=\"lazy\" decoding=\"async\" class=\"size-full wp-image-3396\" src=\"http:\/\/soldatenschicksale.de\/wp-content\/uploads\/2025\/01\/Friedrich-Werner.jpg\" alt=\"\" width=\"471\" height=\"800\" srcset=\"http:\/\/soldatenschicksale.de\/wp-content\/uploads\/2025\/01\/Friedrich-Werner.jpg 471w, http:\/\/soldatenschicksale.de\/wp-content\/uploads\/2025\/01\/Friedrich-Werner-177x300.jpg 177w\" sizes=\"auto, (max-width: 471px) 85vw, 471px\" \/><figcaption id=\"caption-attachment-3396\" class=\"wp-caption-text\">Das Grab von Friedrich Werner auf dem Soldatenfriedhof Ammerschwihr<\/figcaption><\/figure>\n","protected":false},"excerpt":{"rendered":"<p>Der Soldat Friedrich Werner stammte aus Gr\u00f6ningen, Oschersleben. Im Ersten Weltkrieg k\u00e4mpfte er als Musketier in der 9. Kompanie des 78. Reserve-Infanterie-Regiments. Am 23.08.1915 fiel er w\u00e4hrend der K\u00e4mpfe in den Vogesen n\u00f6rdlich der Stadt M\u00fcnster (franz\u00f6sisch: Munster, els\u00e4ssisch: Menschter). Man begrub Friedrich Werner auf dem Soldatenfriedhof Ammerschwihr in Grab 49.<\/p>\n","protected":false},"author":2,"featured_media":0,"comment_status":"closed","ping_status":"open","sticky":false,"template":"","format":"standard","meta":{"footnotes":"","_wp_rev_ctl_limit":""},"categories":[1007,76,988,468,75],"tags":[1479,303,78,990,306,239],"class_list":["post-4100","post","type-post","status-publish","format-standard","hentry","category-1-weltkrieg","category-frankreich","category-grand-est","category-vogesen-elsass","category-westfront","tag-ammerschwihr","tag-elsass","tag-frankreich","tag-grand-est","tag-vogesen","tag-westfront"],"_links":{"self":[{"href":"http:\/\/soldatenschicksale.de\/index.php?rest_route=\/wp\/v2\/posts\/4100","targetHints":{"allow":["GET"]}}],"collection":[{"href":"http:\/\/soldatenschicksale.de\/index.php?rest_route=\/wp\/v2\/posts"}],"about":[{"href":"http:\/\/soldatenschicksale.de\/index.php?rest_route=\/wp\/v2\/types\/post"}],"author":[{"embeddable":true,"href":"http:\/\/soldatenschicksale.de\/index.php?rest_route=\/wp\/v2\/users\/2"}],"replies":[{"embeddable":true,"href":"http:\/\/soldatenschicksale.de\/index.php?rest_route=%2Fwp%2Fv2%2Fcomments&post=4100"}],"version-history":[{"count":3,"href":"http:\/\/soldatenschicksale.de\/index.php?rest_route=\/wp\/v2\/posts\/4100\/revisions"}],"predecessor-version":[{"id":4102,"href":"http:\/\/soldatenschicksale.de\/index.php?rest_route=\/wp\/v2\/posts\/4100\/revisions\/4102"}],"wp:attachment":[{"href":"http:\/\/soldatenschicksale.de\/index.php?rest_route=%2Fwp%2Fv2%2Fmedia&parent=4100"}],"wp:term":[{"taxonomy":"category","embeddable":true,"href":"http:\/\/soldatenschicksale.de\/index.php?rest_route=%2Fwp%2Fv2%2Fcategories&post=4100"},{"taxonomy":"post_tag","embeddable":true,"href":"http:\/\/soldatenschicksale.de\/index.php?rest_route=%2Fwp%2Fv2%2Ftags&post=4100"}],"curies":[{"name":"wp","href":"https:\/\/api.w.org\/{rel}","templated":true}]}}