{"id":4134,"date":"2025-03-27T00:00:38","date_gmt":"2025-03-26T23:00:38","guid":{"rendered":"http:\/\/soldatenschicksale.de\/?p=4134"},"modified":"2025-02-20T09:27:55","modified_gmt":"2025-02-20T08:27:55","slug":"soldatenschicksale-des-1-weltkrieges-teil-217-friedrich-berghoff","status":"publish","type":"post","link":"http:\/\/soldatenschicksale.de\/?p=4134","title":{"rendered":"Soldatenschicksale des 1. Weltkrieges Teil 217: Friedrich Berghoff"},"content":{"rendered":"<p>Der Soldat Friedrich Berghoff stammte aus <a href=\"https:\/\/de.wikipedia.org\/wiki\/Krewinkel-Wiltrop\" target=\"_blank\" rel=\"noopener\">Krewinkel<\/a>, einem Ortsteil der Gemeinde <a href=\"https:\/\/de.wikipedia.org\/wiki\/Lippetal\" target=\"_blank\" rel=\"noopener\">Lippetal<\/a> im heutigen Tag Nordrhein-Westfalen. Im Ersten Weltkrieg k\u00e4mpfte er als J\u00e4ger in der Maschinengewehr-Kompanie des Garde-J\u00e4ger-Bataillons. Am 29.11.1915 fiel er w\u00e4hrend der Stellungsk\u00e4mpfe in den Vogesen n\u00f6rdlich der Stadt <a href=\"https:\/\/de.wikipedia.org\/wiki\/Munster_(Haut-Rhin)\" target=\"_blank\" rel=\"noopener\">M\u00fcnster<\/a> (franz\u00f6sisch: Munster, els\u00e4ssisch: Menschter). Er wurde am Schratzm\u00e4nnele, nahe des <a href=\"https:\/\/de.wikipedia.org\/wiki\/Collet_du_Linge\" target=\"_blank\" rel=\"noopener\">Lingekopfes<\/a> get\u00f6tet.<\/p>\n<p>Man begrub Friedrich Berghoff auf dem Soldatenfriedhof <span data-sheets-root=\"1\"><a class=\"in-cell-link\" href=\"https:\/\/www.google.de\/maps\/place\/Ammerschwihr,+Frankreich\/@48.1167085,7.2318824,13z\/data=!3m1!4b1!4m5!3m4!1s0x479161162b7e2d4f:0x40a5fb99a3940d0!8m2!3d48.1256119!4d7.281956\" target=\"_blank\" rel=\"noopener\">Ammerschwihr<\/a><\/span> in Grab 45.<\/p>\n<figure id=\"attachment_3398\" aria-describedby=\"caption-attachment-3398\" style=\"width: 468px\" class=\"wp-caption aligncenter\"><img loading=\"lazy\" decoding=\"async\" class=\"size-full wp-image-3398\" src=\"http:\/\/soldatenschicksale.de\/wp-content\/uploads\/2025\/01\/Friedrich-Berghoff.jpg\" alt=\"\" width=\"468\" height=\"800\" srcset=\"http:\/\/soldatenschicksale.de\/wp-content\/uploads\/2025\/01\/Friedrich-Berghoff.jpg 468w, http:\/\/soldatenschicksale.de\/wp-content\/uploads\/2025\/01\/Friedrich-Berghoff-176x300.jpg 176w\" sizes=\"auto, (max-width: 468px) 85vw, 468px\" \/><figcaption id=\"caption-attachment-3398\" class=\"wp-caption-text\">Das Grab von Friedrich Berghoff auf dem Soldatenfriedhof Ammerschwihr<\/figcaption><\/figure>\n","protected":false},"excerpt":{"rendered":"<p>Der Soldat Friedrich Berghoff stammte aus Krewinkel, einem Ortsteil der Gemeinde Lippetal im heutigen Tag Nordrhein-Westfalen. Im Ersten Weltkrieg k\u00e4mpfte er als J\u00e4ger in der Maschinengewehr-Kompanie des Garde-J\u00e4ger-Bataillons. Am 29.11.1915 fiel er w\u00e4hrend der Stellungsk\u00e4mpfe in den Vogesen n\u00f6rdlich der Stadt M\u00fcnster (franz\u00f6sisch: Munster, els\u00e4ssisch: Menschter). Er wurde am Schratzm\u00e4nnele, nahe des Lingekopfes get\u00f6tet. Man &hellip; <a href=\"http:\/\/soldatenschicksale.de\/?p=4134\" class=\"more-link\"><span class=\"screen-reader-text\">\u201eSoldatenschicksale des 1. Weltkrieges Teil 217: Friedrich Berghoff\u201c <\/span>weiterlesen<\/a><\/p>\n","protected":false},"author":2,"featured_media":0,"comment_status":"closed","ping_status":"open","sticky":false,"template":"","format":"standard","meta":{"footnotes":"","_wp_rev_ctl_limit":""},"categories":[1007,76,988,468,75],"tags":[1479,1558,303,78,1508,990,155,1678,1498,1679,211,1526,1486,7,1487,1670,239],"class_list":["post-4134","post","type-post","status-publish","format-standard","hentry","category-1-weltkrieg","category-frankreich","category-grand-est","category-vogesen-elsass","category-westfront","tag-ammerschwihr","tag-collet-du-linge","tag-elsass","tag-frankreich","tag-garde-jaeger-bataillon","tag-grand-est","tag-jaeger","tag-krewinkel","tag-lingekopf","tag-lippetal","tag-maschinengewehr-kompanie","tag-menschter","tag-muenster","tag-nordrhein-westfalen","tag-schratzmaennele","tag-schratzmaennle","tag-westfront"],"_links":{"self":[{"href":"http:\/\/soldatenschicksale.de\/index.php?rest_route=\/wp\/v2\/posts\/4134","targetHints":{"allow":["GET"]}}],"collection":[{"href":"http:\/\/soldatenschicksale.de\/index.php?rest_route=\/wp\/v2\/posts"}],"about":[{"href":"http:\/\/soldatenschicksale.de\/index.php?rest_route=\/wp\/v2\/types\/post"}],"author":[{"embeddable":true,"href":"http:\/\/soldatenschicksale.de\/index.php?rest_route=\/wp\/v2\/users\/2"}],"replies":[{"embeddable":true,"href":"http:\/\/soldatenschicksale.de\/index.php?rest_route=%2Fwp%2Fv2%2Fcomments&post=4134"}],"version-history":[{"count":3,"href":"http:\/\/soldatenschicksale.de\/index.php?rest_route=\/wp\/v2\/posts\/4134\/revisions"}],"predecessor-version":[{"id":4141,"href":"http:\/\/soldatenschicksale.de\/index.php?rest_route=\/wp\/v2\/posts\/4134\/revisions\/4141"}],"wp:attachment":[{"href":"http:\/\/soldatenschicksale.de\/index.php?rest_route=%2Fwp%2Fv2%2Fmedia&parent=4134"}],"wp:term":[{"taxonomy":"category","embeddable":true,"href":"http:\/\/soldatenschicksale.de\/index.php?rest_route=%2Fwp%2Fv2%2Fcategories&post=4134"},{"taxonomy":"post_tag","embeddable":true,"href":"http:\/\/soldatenschicksale.de\/index.php?rest_route=%2Fwp%2Fv2%2Ftags&post=4134"}],"curies":[{"name":"wp","href":"https:\/\/api.w.org\/{rel}","templated":true}]}}